{"id":4011,"date":"2025-01-14T10:27:31","date_gmt":"2025-01-14T13:27:31","guid":{"rendered":"https:\/\/noticiasregionais.com.br\/?p=4011"},"modified":"2025-01-14T17:22:21","modified_gmt":"2025-01-14T20:22:21","slug":"acidente-fatal-em-ibaiti-colisao-entre-caminhao-e-camioneta-deixa-um-morto","status":"publish","type":"post","link":"https:\/\/noticiasregionais.com.br\/?p=4011","title":{"rendered":"Acidente fatal em Ibaiti: colis\u00e3o entre caminh\u00e3o e camioneta deixa um morto"},"content":{"rendered":"\n<h4 class=\"wp-block-heading has-text-align-center\"><em>V\u00edtima de 64 anos n\u00e3o resistiu aos ferimentos e condutor do caminh\u00e3o ficou ferido<\/em><\/h4>\n\n\n\n<p>Um grave acidente ocorrido na madrugada desta sexta-feira (14) deixou uma pessoa morta e outra ferida na BR-153, em Ibaiti. A colis\u00e3o envolveu uma camioneta e um caminh\u00e3o, e mobilizou equipes da Pol\u00edcia Rodovi\u00e1ria Federal (PRF), Corpo de Bombeiros e Instituto M\u00e9dico Legal (IML).<\/p>\n\n\n\n<p>O acidente aconteceu por volta das 4h30 da manh\u00e3. De acordo com a PRF, o condutor da camioneta, um homem de 64 anos residente em Ibaiti, n\u00e3o resistiu aos ferimentos e faleceu no local do acidente. J\u00e1 o motorista do caminh\u00e3o, um homem de 30 anos morador de Fazenda Rio Grande, ficou ferido e foi encaminhado para o hospital de Ibaiti, onde permanece internado.<\/p>\n\n\n\n<p>A rodovia ficou interditada em ambos os sentidos para o trabalho das equipes de resgate e per\u00edcia. O desencarceramento da v\u00edtima, um procedimento necess\u00e1rio para remover o corpo do ve\u00edculo, foi conclu\u00eddo por volta das 8h45. A interdi\u00e7\u00e3o da via gerou longas filas de ve\u00edculos, com congestionamentos de mais de 5 quil\u00f4metros em ambos os sentidos.<\/p>\n\n\n\n<p>A PRF ir\u00e1 investigar as causas do acidente e produzir o Laudo Pericial de Sinistro de Tr\u00e2nsito, documento que detalha as circunst\u00e2ncias do ocorrido.<\/p>\n\n\n\n<figure class=\"wp-block-image size-large\"><img decoding=\"async\" width=\"1024\" height=\"768\" src=\"https:\/\/noticiasregionais.com.br\/wp-content\/uploads\/2025\/01\/WhatsApp-Image-2025-01-14-at-10.00.24-1024x768.jpeg\" alt=\"\" class=\"wp-image-4015\" srcset=\"https:\/\/noticiasregionais.com.br\/wp-content\/uploads\/2025\/01\/WhatsApp-Image-2025-01-14-at-10.00.24-1024x768.jpeg 1024w, https:\/\/noticiasregionais.com.br\/wp-content\/uploads\/2025\/01\/WhatsApp-Image-2025-01-14-at-10.00.24-300x225.jpeg 300w, https:\/\/noticiasregionais.com.br\/wp-content\/uploads\/2025\/01\/WhatsApp-Image-2025-01-14-at-10.00.24-768x576.jpeg 768w, https:\/\/noticiasregionais.com.br\/wp-content\/uploads\/2025\/01\/WhatsApp-Image-2025-01-14-at-10.00.24.jpeg 1280w\" sizes=\"(max-width: 1024px) 100vw, 1024px\" \/><\/figure>\n<input type=\"hidden\" id=\"baseurl\" value=\"https:\/\/noticiasregionais.com.br\"><input type=\"hidden\" id=\"audio_nonce\" value=\"3cdc555a10\">","protected":false},"excerpt":{"rendered":"<p>V\u00edtima de 64 anos n\u00e3o resistiu aos ferimentos e condutor do caminh\u00e3o ficou ferido Um grave acidente ocorrido na madrugada&hellip;<\/p>\n","protected":false},"author":1,"featured_media":4012,"comment_status":"closed","ping_status":"open","sticky":false,"template":"","format":"standard","meta":{"sfsi_plus_gutenberg_text_before_share":"","sfsi_plus_gutenberg_show_text_before_share":"","sfsi_plus_gutenberg_icon_type":"","sfsi_plus_gutenberg_icon_alignemt":"","sfsi_plus_gutenburg_max_per_row":"","footnotes":""},"categories":[7,10,1],"tags":[],"class_list":["post-4011","post","type-post","status-publish","format-standard","has-post-thumbnail","hentry","category-parana","category-destaques","category-noticias"],"_links":{"self":[{"href":"https:\/\/noticiasregionais.com.br\/index.php?rest_route=\/wp\/v2\/posts\/4011","targetHints":{"allow":["GET"]}}],"collection":[{"href":"https:\/\/noticiasregionais.com.br\/index.php?rest_route=\/wp\/v2\/posts"}],"about":[{"href":"https:\/\/noticiasregionais.com.br\/index.php?rest_route=\/wp\/v2\/types\/post"}],"author":[{"embeddable":true,"href":"https:\/\/noticiasregionais.com.br\/index.php?rest_route=\/wp\/v2\/users\/1"}],"replies":[{"embeddable":true,"href":"https:\/\/noticiasregionais.com.br\/index.php?rest_route=%2Fwp%2Fv2%2Fcomments&post=4011"}],"version-history":[{"count":2,"href":"https:\/\/noticiasregionais.com.br\/index.php?rest_route=\/wp\/v2\/posts\/4011\/revisions"}],"predecessor-version":[{"id":4016,"href":"https:\/\/noticiasregionais.com.br\/index.php?rest_route=\/wp\/v2\/posts\/4011\/revisions\/4016"}],"wp:featuredmedia":[{"embeddable":true,"href":"https:\/\/noticiasregionais.com.br\/index.php?rest_route=\/wp\/v2\/media\/4012"}],"wp:attachment":[{"href":"https:\/\/noticiasregionais.com.br\/index.php?rest_route=%2Fwp%2Fv2%2Fmedia&parent=4011"}],"wp:term":[{"taxonomy":"category","embeddable":true,"href":"https:\/\/noticiasregionais.com.br\/index.php?rest_route=%2Fwp%2Fv2%2Fcategories&post=4011"},{"taxonomy":"post_tag","embeddable":true,"href":"https:\/\/noticiasregionais.com.br\/index.php?rest_route=%2Fwp%2Fv2%2Ftags&post=4011"}],"curies":[{"name":"wp","href":"https:\/\/api.w.org\/{rel}","templated":true}]}}