{"id":4022,"date":"2025-01-14T17:15:55","date_gmt":"2025-01-14T20:15:55","guid":{"rendered":"https:\/\/noticiasregionais.com.br\/?p=4022"},"modified":"2025-01-14T17:16:50","modified_gmt":"2025-01-14T20:16:50","slug":"policia-militar-apreende-drogas-e-prende-traficante-em-marilia","status":"publish","type":"post","link":"https:\/\/noticiasregionais.com.br\/?p=4022","title":{"rendered":"Pol\u00edcia Militar apreende drogas e prende traficante em Mar\u00edlia"},"content":{"rendered":"\n<p>Em uma a\u00e7\u00e3o conjunta, a Pol\u00edcia Militar de Mar\u00edlia, com o apoio da equipe K9 do 13\u00ba BAEP, prendeu um homem em flagrante por tr\u00e1fico de drogas na tarde de ontem (13). A opera\u00e7\u00e3o ocorreu na Rua Jos\u00e9 Viana e resultou na apreens\u00e3o de uma grande quantidade de entorpecentes, entre eles maconha, coca\u00edna, crack e &#8220;dry&#8221;, al\u00e9m de R$ 936 em dinheiro.<\/p>\n\n\n\n<p>Com a ajuda dos c\u00e3es farejadores, BC Bruce e PBM Max, os policiais localizaram as drogas escondidas em uma \u00e1rea de mata pr\u00f3xima ao local da den\u00fancia. O indiv\u00edduo foi encaminhado \u00e0 delegacia e permanece \u00e0 disposi\u00e7\u00e3o da Justi\u00e7a.<\/p>\n\n\n\n<figure class=\"wp-block-gallery has-nested-images columns-1 is-cropped wp-block-gallery-1 is-layout-flex wp-block-gallery-is-layout-flex\">\n<figure class=\"wp-block-image size-large\"><img decoding=\"async\" width=\"536\" height=\"1024\" data-id=\"4024\" src=\"https:\/\/noticiasregionais.com.br\/wp-content\/uploads\/2025\/01\/WhatsApp-Image-2025-01-14-at-14.08.561-536x1024.jpeg\" alt=\"\" class=\"wp-image-4024\" srcset=\"https:\/\/noticiasregionais.com.br\/wp-content\/uploads\/2025\/01\/WhatsApp-Image-2025-01-14-at-14.08.561-536x1024.jpeg 536w, https:\/\/noticiasregionais.com.br\/wp-content\/uploads\/2025\/01\/WhatsApp-Image-2025-01-14-at-14.08.561-157x300.jpeg 157w, https:\/\/noticiasregionais.com.br\/wp-content\/uploads\/2025\/01\/WhatsApp-Image-2025-01-14-at-14.08.561-768x1468.jpeg 768w, https:\/\/noticiasregionais.com.br\/wp-content\/uploads\/2025\/01\/WhatsApp-Image-2025-01-14-at-14.08.561-804x1536.jpeg 804w, https:\/\/noticiasregionais.com.br\/wp-content\/uploads\/2025\/01\/WhatsApp-Image-2025-01-14-at-14.08.561.jpeg 837w\" sizes=\"(max-width: 536px) 100vw, 536px\" \/><\/figure>\n\n\n\n<figure class=\"wp-block-image size-large\"><img decoding=\"async\" width=\"1024\" height=\"440\" data-id=\"4025\" src=\"https:\/\/noticiasregionais.com.br\/wp-content\/uploads\/2025\/01\/WhatsApp-Image-2025-01-14-at-14.08.55-1024x440.jpeg\" alt=\"\" class=\"wp-image-4025\" srcset=\"https:\/\/noticiasregionais.com.br\/wp-content\/uploads\/2025\/01\/WhatsApp-Image-2025-01-14-at-14.08.55-1024x440.jpeg 1024w, https:\/\/noticiasregionais.com.br\/wp-content\/uploads\/2025\/01\/WhatsApp-Image-2025-01-14-at-14.08.55-300x129.jpeg 300w, https:\/\/noticiasregionais.com.br\/wp-content\/uploads\/2025\/01\/WhatsApp-Image-2025-01-14-at-14.08.55-768x330.jpeg 768w, https:\/\/noticiasregionais.com.br\/wp-content\/uploads\/2025\/01\/WhatsApp-Image-2025-01-14-at-14.08.55-1536x660.jpeg 1536w, https:\/\/noticiasregionais.com.br\/wp-content\/uploads\/2025\/01\/WhatsApp-Image-2025-01-14-at-14.08.55.jpeg 1600w\" sizes=\"(max-width: 1024px) 100vw, 1024px\" \/><\/figure>\n<\/figure>\n<input type=\"hidden\" id=\"baseurl\" value=\"https:\/\/noticiasregionais.com.br\"><input type=\"hidden\" id=\"audio_nonce\" value=\"533fbb67b1\">","protected":false},"excerpt":{"rendered":"<p>Em uma a\u00e7\u00e3o conjunta, a Pol\u00edcia Militar de Mar\u00edlia, com o apoio da equipe K9 do 13\u00ba BAEP, prendeu um&hellip;<\/p>\n","protected":false},"author":1,"featured_media":4023,"comment_status":"closed","ping_status":"open","sticky":false,"template":"","format":"standard","meta":{"sfsi_plus_gutenberg_text_before_share":"","sfsi_plus_gutenberg_show_text_before_share":"","sfsi_plus_gutenberg_icon_type":"","sfsi_plus_gutenberg_icon_alignemt":"","sfsi_plus_gutenburg_max_per_row":"","footnotes":""},"categories":[1,10,6],"tags":[],"class_list":["post-4022","post","type-post","status-publish","format-standard","has-post-thumbnail","hentry","category-noticias","category-destaques","category-sao_paulo"],"_links":{"self":[{"href":"https:\/\/noticiasregionais.com.br\/index.php?rest_route=\/wp\/v2\/posts\/4022","targetHints":{"allow":["GET"]}}],"collection":[{"href":"https:\/\/noticiasregionais.com.br\/index.php?rest_route=\/wp\/v2\/posts"}],"about":[{"href":"https:\/\/noticiasregionais.com.br\/index.php?rest_route=\/wp\/v2\/types\/post"}],"author":[{"embeddable":true,"href":"https:\/\/noticiasregionais.com.br\/index.php?rest_route=\/wp\/v2\/users\/1"}],"replies":[{"embeddable":true,"href":"https:\/\/noticiasregionais.com.br\/index.php?rest_route=%2Fwp%2Fv2%2Fcomments&post=4022"}],"version-history":[{"count":1,"href":"https:\/\/noticiasregionais.com.br\/index.php?rest_route=\/wp\/v2\/posts\/4022\/revisions"}],"predecessor-version":[{"id":4026,"href":"https:\/\/noticiasregionais.com.br\/index.php?rest_route=\/wp\/v2\/posts\/4022\/revisions\/4026"}],"wp:featuredmedia":[{"embeddable":true,"href":"https:\/\/noticiasregionais.com.br\/index.php?rest_route=\/wp\/v2\/media\/4023"}],"wp:attachment":[{"href":"https:\/\/noticiasregionais.com.br\/index.php?rest_route=%2Fwp%2Fv2%2Fmedia&parent=4022"}],"wp:term":[{"taxonomy":"category","embeddable":true,"href":"https:\/\/noticiasregionais.com.br\/index.php?rest_route=%2Fwp%2Fv2%2Fcategories&post=4022"},{"taxonomy":"post_tag","embeddable":true,"href":"https:\/\/noticiasregionais.com.br\/index.php?rest_route=%2Fwp%2Fv2%2Ftags&post=4022"}],"curies":[{"name":"wp","href":"https:\/\/api.w.org\/{rel}","templated":true}]}}