{"id":4027,"date":"2025-01-14T17:21:33","date_gmt":"2025-01-14T20:21:33","guid":{"rendered":"https:\/\/noticiasregionais.com.br\/?p=4027"},"modified":"2025-01-14T17:21:35","modified_gmt":"2025-01-14T20:21:35","slug":"k9-do-13o-baep-auxilia-em-operacao-que-resulta-em-prisoes-por-trafico-de-drogas-em-ourinhos","status":"publish","type":"post","link":"https:\/\/noticiasregionais.com.br\/?p=4027","title":{"rendered":"K9 do 13\u00ba BAEP auxilia em opera\u00e7\u00e3o que resulta em pris\u00f5es por tr\u00e1fico de drogas em Ourinhos"},"content":{"rendered":"\n<p>Na manh\u00e3 desta ter\u00e7a-feira (14), a Pol\u00edcia Militar de Ourinhos, com o apoio da equipe K9 do 13\u00ba BAEP e da DISE (Delegacia de Investiga\u00e7\u00f5es Sobre Entorpecentes), deflagrou uma opera\u00e7\u00e3o que resultou na pris\u00e3o de duas pessoas por tr\u00e1fico de drogas.<\/p>\n\n\n\n<p>A a\u00e7\u00e3o policial, que ocorreu na Rua Carlos Thomal, teve como objetivo cumprir um mandado de busca e apreens\u00e3o em um im\u00f3vel suspeito. Com o aux\u00edlio de um c\u00e3o farejador, os policiais encontraram e apreenderam por\u00e7\u00f5es de coca\u00edna e maconha escondidas dentro de um guarda-roupa.<\/p>\n\n\n\n<p>Os indiv\u00edduos foram presos em flagrante e conduzidos \u00e0 delegacia, onde foram autuados pelos crimes de tr\u00e1fico de drogas e associa\u00e7\u00e3o para o tr\u00e1fico. Eles permanecer\u00e3o \u00e0 disposi\u00e7\u00e3o da Justi\u00e7a.<\/p>\n\n\n\n<p><strong>A import\u00e2ncia do trabalho em conjunto<\/strong><\/p>\n\n\n\n<p>A opera\u00e7\u00e3o demonstra a import\u00e2ncia da integra\u00e7\u00e3o entre as diversas for\u00e7as de seguran\u00e7a no combate ao tr\u00e1fico de drogas. O emprego de c\u00e3es farejadores, como o utilizado nesta a\u00e7\u00e3o, \u00e9 fundamental para localizar esconderijos e apreender drogas que, de outra forma, poderiam n\u00e3o ser encontradas.<\/p>\n\n\n\n<p><strong>O impacto da apreens\u00e3o<\/strong><\/p>\n\n\n\n<p>A apreens\u00e3o das drogas representa um duro golpe ao tr\u00e1fico local. As subst\u00e2ncias apreendidas seriam suficientes para abastecer um grande n\u00famero de usu\u00e1rios, gerando altos lucros para os criminosos.<\/p>\n\n\n\n<p><strong>A import\u00e2ncia das den\u00fancias<\/strong><\/p>\n\n\n\n<p>A Pol\u00edcia Militar refor\u00e7a a import\u00e2ncia das den\u00fancias an\u00f4nimas para o combate ao tr\u00e1fico de drogas. A popula\u00e7\u00e3o pode contribuir de forma significativa para a seguran\u00e7a de todos, denunciando qualquer atividade suspeita atrav\u00e9s do 190 ou pelo Disque-Den\u00fancia.<\/p>\n<input type=\"hidden\" id=\"baseurl\" value=\"https:\/\/noticiasregionais.com.br\"><input type=\"hidden\" id=\"audio_nonce\" value=\"533fbb67b1\">","protected":false},"excerpt":{"rendered":"<p>Na manh\u00e3 desta ter\u00e7a-feira (14), a Pol\u00edcia Militar de Ourinhos, com o apoio da equipe K9 do 13\u00ba BAEP e&hellip;<\/p>\n","protected":false},"author":1,"featured_media":4028,"comment_status":"closed","ping_status":"open","sticky":false,"template":"","format":"standard","meta":{"sfsi_plus_gutenberg_text_before_share":"","sfsi_plus_gutenberg_show_text_before_share":"","sfsi_plus_gutenberg_icon_type":"","sfsi_plus_gutenberg_icon_alignemt":"","sfsi_plus_gutenburg_max_per_row":"","footnotes":""},"categories":[5,12,1],"tags":[],"class_list":["post-4027","post","type-post","status-publish","format-standard","has-post-thumbnail","hentry","category-ourinhos","category-capa","category-noticias"],"_links":{"self":[{"href":"https:\/\/noticiasregionais.com.br\/index.php?rest_route=\/wp\/v2\/posts\/4027","targetHints":{"allow":["GET"]}}],"collection":[{"href":"https:\/\/noticiasregionais.com.br\/index.php?rest_route=\/wp\/v2\/posts"}],"about":[{"href":"https:\/\/noticiasregionais.com.br\/index.php?rest_route=\/wp\/v2\/types\/post"}],"author":[{"embeddable":true,"href":"https:\/\/noticiasregionais.com.br\/index.php?rest_route=\/wp\/v2\/users\/1"}],"replies":[{"embeddable":true,"href":"https:\/\/noticiasregionais.com.br\/index.php?rest_route=%2Fwp%2Fv2%2Fcomments&post=4027"}],"version-history":[{"count":1,"href":"https:\/\/noticiasregionais.com.br\/index.php?rest_route=\/wp\/v2\/posts\/4027\/revisions"}],"predecessor-version":[{"id":4029,"href":"https:\/\/noticiasregionais.com.br\/index.php?rest_route=\/wp\/v2\/posts\/4027\/revisions\/4029"}],"wp:featuredmedia":[{"embeddable":true,"href":"https:\/\/noticiasregionais.com.br\/index.php?rest_route=\/wp\/v2\/media\/4028"}],"wp:attachment":[{"href":"https:\/\/noticiasregionais.com.br\/index.php?rest_route=%2Fwp%2Fv2%2Fmedia&parent=4027"}],"wp:term":[{"taxonomy":"category","embeddable":true,"href":"https:\/\/noticiasregionais.com.br\/index.php?rest_route=%2Fwp%2Fv2%2Fcategories&post=4027"},{"taxonomy":"post_tag","embeddable":true,"href":"https:\/\/noticiasregionais.com.br\/index.php?rest_route=%2Fwp%2Fv2%2Ftags&post=4027"}],"curies":[{"name":"wp","href":"https:\/\/api.w.org\/{rel}","templated":true}]}}