{"id":403,"date":"2023-09-15T23:36:40","date_gmt":"2023-09-16T02:36:40","guid":{"rendered":"https:\/\/noticiasregionais.com.br\/?p=403"},"modified":"2023-09-15T23:36:40","modified_gmt":"2023-09-16T02:36:40","slug":"prefeitura-de-ourinhos-realizara-palestra-sobre-autismo-no-proximo-dia-18","status":"publish","type":"post","link":"https:\/\/noticiasregionais.com.br\/?p=403","title":{"rendered":"Prefeitura de Ourinhos realizar\u00e1 palestra sobre autismo no pr\u00f3ximo dia 18"},"content":{"rendered":"\n<p>A Prefeitura de Ourinhos, por meio das Secretarias da Mulher e da Fam\u00edlia e de Inclus\u00e3o, realiza na pr\u00f3xima segunda-feira (18) uma palestra sobre autismo para m\u00e3es at\u00edpicas, que ter\u00e1 como tema \u201cCuida de quem cuida\u201d.<\/p>\n\n\n\n<p>O evento acontecer\u00e1 \u00e0s 19h na sede da Secretaria Municipal da Mulher, localizada na Avenida Ant\u00f4nio Almeida Leite, 649, no bairro Jardim Paulista, em Ourinhos. O palestrante convidado para este encontro \u00e9 o M\u00e9dico-Pediatra, Dr. \u00c9der Carvalho Sousa, especialista no campo do autismo, que debater\u00e1 o assunto e apresentar\u00e1 orienta\u00e7\u00f5es para os participantes.<\/p>\n\n\n\n<p>O objetivo da palestra \u00e9 fortalecer a comunidade e aumentar a compreens\u00e3o sobre o autismo, beneficiando as fam\u00edlias de Ourinhos e regi\u00e3o, em especial as m\u00e3es que desempenham um papel crucial no cuidado de seus filhos autistas.<\/p>\n\n\n\n<p><sub>com informa\u00e7\u00f5es da Prefeitura Municipal de Ourinhos<\/sub><\/p>\n<input type=\"hidden\" id=\"baseurl\" value=\"https:\/\/noticiasregionais.com.br\"><input type=\"hidden\" id=\"audio_nonce\" value=\"533fbb67b1\">","protected":false},"excerpt":{"rendered":"<p>A Prefeitura de Ourinhos, por meio das Secretarias da Mulher e da Fam\u00edlia e de Inclus\u00e3o, realiza na pr\u00f3xima segunda-feira&hellip;<\/p>\n","protected":false},"author":1,"featured_media":404,"comment_status":"closed","ping_status":"open","sticky":false,"template":"","format":"standard","meta":{"sfsi_plus_gutenberg_text_before_share":"","sfsi_plus_gutenberg_show_text_before_share":"","sfsi_plus_gutenberg_icon_type":"","sfsi_plus_gutenberg_icon_alignemt":"","sfsi_plus_gutenburg_max_per_row":"","footnotes":""},"categories":[5,10,1],"tags":[],"class_list":["post-403","post","type-post","status-publish","format-standard","has-post-thumbnail","hentry","category-ourinhos","category-destaques","category-noticias"],"_links":{"self":[{"href":"https:\/\/noticiasregionais.com.br\/index.php?rest_route=\/wp\/v2\/posts\/403","targetHints":{"allow":["GET"]}}],"collection":[{"href":"https:\/\/noticiasregionais.com.br\/index.php?rest_route=\/wp\/v2\/posts"}],"about":[{"href":"https:\/\/noticiasregionais.com.br\/index.php?rest_route=\/wp\/v2\/types\/post"}],"author":[{"embeddable":true,"href":"https:\/\/noticiasregionais.com.br\/index.php?rest_route=\/wp\/v2\/users\/1"}],"replies":[{"embeddable":true,"href":"https:\/\/noticiasregionais.com.br\/index.php?rest_route=%2Fwp%2Fv2%2Fcomments&post=403"}],"version-history":[{"count":1,"href":"https:\/\/noticiasregionais.com.br\/index.php?rest_route=\/wp\/v2\/posts\/403\/revisions"}],"predecessor-version":[{"id":405,"href":"https:\/\/noticiasregionais.com.br\/index.php?rest_route=\/wp\/v2\/posts\/403\/revisions\/405"}],"wp:featuredmedia":[{"embeddable":true,"href":"https:\/\/noticiasregionais.com.br\/index.php?rest_route=\/wp\/v2\/media\/404"}],"wp:attachment":[{"href":"https:\/\/noticiasregionais.com.br\/index.php?rest_route=%2Fwp%2Fv2%2Fmedia&parent=403"}],"wp:term":[{"taxonomy":"category","embeddable":true,"href":"https:\/\/noticiasregionais.com.br\/index.php?rest_route=%2Fwp%2Fv2%2Fcategories&post=403"},{"taxonomy":"post_tag","embeddable":true,"href":"https:\/\/noticiasregionais.com.br\/index.php?rest_route=%2Fwp%2Fv2%2Ftags&post=403"}],"curies":[{"name":"wp","href":"https:\/\/api.w.org\/{rel}","templated":true}]}}