{"id":4030,"date":"2025-01-15T14:35:24","date_gmt":"2025-01-15T17:35:24","guid":{"rendered":"https:\/\/noticiasregionais.com.br\/?p=4030"},"modified":"2025-01-15T14:35:27","modified_gmt":"2025-01-15T17:35:27","slug":"superintendente-da-caixa-economica-federal-visita-prefeitura-de-ourinhos-e-entrega-relatorio-de-repasses-federais","status":"publish","type":"post","link":"https:\/\/noticiasregionais.com.br\/?p=4030","title":{"rendered":"Superintendente da Caixa Econ\u00f4mica Federal visita Prefeitura de Ourinhos e entrega relat\u00f3rio de repasses federais"},"content":{"rendered":"\n<p>O Superintendente da Caixa Econ\u00f4mica Federal, Jos\u00e9 Orlando Garla, visitou a Prefeitura de Ourinhos na \u00faltima segunda-feira (14) para apresentar o relat\u00f3rio dos repasses do Governo Federal ao munic\u00edpio e refor\u00e7ar a parceria entre a institui\u00e7\u00e3o e a gest\u00e3o do Prefeito Guilherme Gon\u00e7alves. O encontro tamb\u00e9m teve como objetivo destacar a confian\u00e7a no novo Governo Federal para a continuidade de parcerias, visando garantir mais recursos de fundo perdido para a cidade.<\/p>\n\n\n\n<p>O Secret\u00e1rio Municipal de Finan\u00e7as, Leandro Moraes, agradeceu a visita e reafirmou o compromisso da administra\u00e7\u00e3o municipal em estreitar a colabora\u00e7\u00e3o com a Caixa Econ\u00f4mica Federal, com o objetivo de melhorar a distribui\u00e7\u00e3o de recursos e promover o desenvolvimento econ\u00f4mico de Ourinhos.<\/p>\n\n\n\n<p>A Secret\u00e1ria Municipal de Desenvolvimento Urbano, Mobilidade e Licenciamento, Anna Carolina Ribeiro, ressaltou o empenho da gest\u00e3o do Prefeito Guilherme Gon\u00e7alves em conquistar novos recursos junto \u00e0 Caixa, especialmente para projetos voltados \u00e0 infraestrutura e \u00e0 melhoria da qualidade de vida da popula\u00e7\u00e3o.<\/p>\n\n\n\n<p>Estiveram presentes tamb\u00e9m outros representantes da Caixa Econ\u00f4mica Federal:<\/p>\n\n\n\n<pre class=\"wp-block-code\"><code>\u2022 Jos\u00e9 Orlando Garla, Superintendente Executivo de Governos\n\u2022 Matheus Barbaresco Motta Pires, Gerente da Carteira PJ P\u00fablico\n\u2022 Felipe Regaconi, Supervisor de Filial GIGOV Bauru\n\u2022 Hugo Rafael Manfio, Gerente Geral da Ag\u00eancia Ourinhos\n\u2022 Esteberson Costa Paulino, Superintendente Executivo de Varejo<\/code><\/pre>\n\n\n\n<p>A Prefeitura de Ourinhos, sob a lideran\u00e7a do Prefeito Guilherme Gon\u00e7alves, segue trabalhando de forma firme e alinhada com a Caixa Econ\u00f4mica Federal para garantir novos investimentos e fomentar o crescimento sustent\u00e1vel do munic\u00edpio.<\/p>\n<input type=\"hidden\" id=\"baseurl\" value=\"https:\/\/noticiasregionais.com.br\"><input type=\"hidden\" id=\"audio_nonce\" value=\"3cdc555a10\">","protected":false},"excerpt":{"rendered":"<p>O Superintendente da Caixa Econ\u00f4mica Federal, Jos\u00e9 Orlando Garla, visitou a Prefeitura de Ourinhos na \u00faltima segunda-feira (14) para apresentar&hellip;<\/p>\n","protected":false},"author":1,"featured_media":4031,"comment_status":"closed","ping_status":"open","sticky":false,"template":"","format":"standard","meta":{"sfsi_plus_gutenberg_text_before_share":"","sfsi_plus_gutenberg_show_text_before_share":"","sfsi_plus_gutenberg_icon_type":"","sfsi_plus_gutenberg_icon_alignemt":"","sfsi_plus_gutenburg_max_per_row":"","footnotes":""},"categories":[5,10,1],"tags":[],"class_list":["post-4030","post","type-post","status-publish","format-standard","has-post-thumbnail","hentry","category-ourinhos","category-destaques","category-noticias"],"_links":{"self":[{"href":"https:\/\/noticiasregionais.com.br\/index.php?rest_route=\/wp\/v2\/posts\/4030","targetHints":{"allow":["GET"]}}],"collection":[{"href":"https:\/\/noticiasregionais.com.br\/index.php?rest_route=\/wp\/v2\/posts"}],"about":[{"href":"https:\/\/noticiasregionais.com.br\/index.php?rest_route=\/wp\/v2\/types\/post"}],"author":[{"embeddable":true,"href":"https:\/\/noticiasregionais.com.br\/index.php?rest_route=\/wp\/v2\/users\/1"}],"replies":[{"embeddable":true,"href":"https:\/\/noticiasregionais.com.br\/index.php?rest_route=%2Fwp%2Fv2%2Fcomments&post=4030"}],"version-history":[{"count":1,"href":"https:\/\/noticiasregionais.com.br\/index.php?rest_route=\/wp\/v2\/posts\/4030\/revisions"}],"predecessor-version":[{"id":4032,"href":"https:\/\/noticiasregionais.com.br\/index.php?rest_route=\/wp\/v2\/posts\/4030\/revisions\/4032"}],"wp:featuredmedia":[{"embeddable":true,"href":"https:\/\/noticiasregionais.com.br\/index.php?rest_route=\/wp\/v2\/media\/4031"}],"wp:attachment":[{"href":"https:\/\/noticiasregionais.com.br\/index.php?rest_route=%2Fwp%2Fv2%2Fmedia&parent=4030"}],"wp:term":[{"taxonomy":"category","embeddable":true,"href":"https:\/\/noticiasregionais.com.br\/index.php?rest_route=%2Fwp%2Fv2%2Fcategories&post=4030"},{"taxonomy":"post_tag","embeddable":true,"href":"https:\/\/noticiasregionais.com.br\/index.php?rest_route=%2Fwp%2Fv2%2Ftags&post=4030"}],"curies":[{"name":"wp","href":"https:\/\/api.w.org\/{rel}","templated":true}]}}