{"id":4041,"date":"2025-01-15T14:55:03","date_gmt":"2025-01-15T17:55:03","guid":{"rendered":"https:\/\/noticiasregionais.com.br\/?p=4041"},"modified":"2025-01-15T15:01:51","modified_gmt":"2025-01-15T18:01:51","slug":"concessao-dos-servicos-de-agua-e-esgoto-gera-transtornos-em-ourinhos","status":"publish","type":"post","link":"https:\/\/noticiasregionais.com.br\/?p=4041","title":{"rendered":"Concess\u00e3o dos servi\u00e7os de \u00e1gua e esgoto gera transtornos em Ourinhos"},"content":{"rendered":"\n<p>A concess\u00e3o dos servi\u00e7os de \u00e1gua e esgoto em Ourinhos para a empresa Ourinhos Saneamento, pertencente ao cons\u00f3rcio GS Inima &#8211; Tra\u00e7ado, realizada durante a gest\u00e3o do ex-prefeito Lucas Pocay, tem gerado uma s\u00e9rie de transtornos para a popula\u00e7\u00e3o local. Desde o in\u00edcio das opera\u00e7\u00f5es pela concession\u00e1ria, v\u00e1rias reclama\u00e7\u00f5es t\u00eam sido registradas, refletindo o descontentamento dos mun\u00edcipes com a qualidade dos servi\u00e7os prestados.<\/p>\n\n\n\n<p>Entre os principais problemas relatados est\u00e3o as longas filas em frente \u00e0 sede da Ourinhos Saneamento. Muitos moradores reclamam de valores elevados nas contas de \u00e1gua, que em alguns casos chegaram a ser considerados abusivos. A situa\u00e7\u00e3o tem levado centenas de pessoas a procurar a empresa para pedir esclarecimentos e tentar resolver os problemas, o que tem gerado aglomera\u00e7\u00f5es e espera prolongada.<\/p>\n\n\n\n<p>Outro transtorno apontado pela popula\u00e7\u00e3o \u00e9 o atraso na entrega das faturas, o que dificulta o pagamento em dia e, em alguns casos, resulta na aplica\u00e7\u00e3o de multas e juros. Al\u00e9m disso, moradores t\u00eam relatado dificuldade de contato com a empresa para solucionar problemas, seja por meio de canais digitais ou pelo atendimento presencial.<\/p>\n\n\n\n<p>\u201cAs contas vieram com valores muito altos, e nem mesmo na fila conseguimos uma solu\u00e7\u00e3o. Parece que ningu\u00e9m sabe explicar direito o que est\u00e1 acontecendo\u201d, afirmou Maria de Souza, moradora do centro de Ourinhos. J\u00e1 o aposentado Jos\u00e9 Ribeiro relatou que ficou horas na fila apenas para ser informado de que seu problema precisaria de um prazo maior para ser resolvido.<\/p>\n\n\n\n<p>A concess\u00e3o dos servi\u00e7os de \u00e1gua e esgoto foi realizada com a promessa de melhorias na infraestrutura e na qualidade dos servi\u00e7os, mas os transtornos enfrentados pela popula\u00e7\u00e3o lan\u00e7am d\u00favidas sobre a efic\u00e1cia do contrato firmado entre o munic\u00edpio e a empresa concession\u00e1ria. No entanto, os mun\u00edcipes seguem insatisfeitos e esperam solu\u00e7\u00f5es r\u00e1pidas para os problemas enfrentados.<\/p>\n\n\n\n<p>A situa\u00e7\u00e3o em Ourinhos reflete um desafio comum em concess\u00f5es de servi\u00e7os p\u00fablicos: garantir que as promessas de melhoria sejam cumpridas e que os interesses da popula\u00e7\u00e3o sejam priorizados. Enquanto isso, os moradores aguardam por respostas concretas e a normaliza\u00e7\u00e3o dos servi\u00e7os essenciais de \u00e1gua e esgoto na cidade.<\/p>\n<input type=\"hidden\" id=\"baseurl\" value=\"https:\/\/noticiasregionais.com.br\"><input type=\"hidden\" id=\"audio_nonce\" value=\"533fbb67b1\">","protected":false},"excerpt":{"rendered":"<p>A concess\u00e3o dos servi\u00e7os de \u00e1gua e esgoto em Ourinhos para a empresa Ourinhos Saneamento, pertencente ao cons\u00f3rcio GS Inima&hellip;<\/p>\n","protected":false},"author":1,"featured_media":4042,"comment_status":"closed","ping_status":"open","sticky":false,"template":"","format":"standard","meta":{"sfsi_plus_gutenberg_text_before_share":"","sfsi_plus_gutenberg_show_text_before_share":"","sfsi_plus_gutenberg_icon_type":"","sfsi_plus_gutenberg_icon_alignemt":"","sfsi_plus_gutenburg_max_per_row":"","footnotes":""},"categories":[5,12,1],"tags":[],"class_list":["post-4041","post","type-post","status-publish","format-standard","has-post-thumbnail","hentry","category-ourinhos","category-capa","category-noticias"],"_links":{"self":[{"href":"https:\/\/noticiasregionais.com.br\/index.php?rest_route=\/wp\/v2\/posts\/4041","targetHints":{"allow":["GET"]}}],"collection":[{"href":"https:\/\/noticiasregionais.com.br\/index.php?rest_route=\/wp\/v2\/posts"}],"about":[{"href":"https:\/\/noticiasregionais.com.br\/index.php?rest_route=\/wp\/v2\/types\/post"}],"author":[{"embeddable":true,"href":"https:\/\/noticiasregionais.com.br\/index.php?rest_route=\/wp\/v2\/users\/1"}],"replies":[{"embeddable":true,"href":"https:\/\/noticiasregionais.com.br\/index.php?rest_route=%2Fwp%2Fv2%2Fcomments&post=4041"}],"version-history":[{"count":2,"href":"https:\/\/noticiasregionais.com.br\/index.php?rest_route=\/wp\/v2\/posts\/4041\/revisions"}],"predecessor-version":[{"id":4045,"href":"https:\/\/noticiasregionais.com.br\/index.php?rest_route=\/wp\/v2\/posts\/4041\/revisions\/4045"}],"wp:featuredmedia":[{"embeddable":true,"href":"https:\/\/noticiasregionais.com.br\/index.php?rest_route=\/wp\/v2\/media\/4042"}],"wp:attachment":[{"href":"https:\/\/noticiasregionais.com.br\/index.php?rest_route=%2Fwp%2Fv2%2Fmedia&parent=4041"}],"wp:term":[{"taxonomy":"category","embeddable":true,"href":"https:\/\/noticiasregionais.com.br\/index.php?rest_route=%2Fwp%2Fv2%2Fcategories&post=4041"},{"taxonomy":"post_tag","embeddable":true,"href":"https:\/\/noticiasregionais.com.br\/index.php?rest_route=%2Fwp%2Fv2%2Ftags&post=4041"}],"curies":[{"name":"wp","href":"https:\/\/api.w.org\/{rel}","templated":true}]}}