{"id":4046,"date":"2025-01-16T08:55:46","date_gmt":"2025-01-16T11:55:46","guid":{"rendered":"https:\/\/noticiasregionais.com.br\/?p=4046"},"modified":"2025-01-16T08:55:57","modified_gmt":"2025-01-16T11:55:57","slug":"corregedoria-da-pm-de-sp-faz-operacao-contra-policiais-suspeitos-de-envolvimento-em-assassinato-no-aeroporto","status":"publish","type":"post","link":"https:\/\/noticiasregionais.com.br\/?p=4046","title":{"rendered":"Corregedoria da PM de SP faz opera\u00e7\u00e3o contra policiais suspeitos de envolvimento em assassinato no aeroporto"},"content":{"rendered":"\n<h4 class=\"wp-block-heading has-text-align-center\">S\u00e3o cumpridos 15 mandados de pris\u00e3o na capital e na Grande S\u00e3o Paulo; entre os alvos est\u00e1 o policial suspeito de atirar contra delator no aeroporto de Guarulhos em novembro<\/h4>\n\n\n\n<p>A Corregedoria da Pol\u00edcia Militar deflagrou nesta quinta-feira (16) uma opera\u00e7\u00e3o para cumprir 15 mandados de pris\u00e3o e sete de busca e apreens\u00e3o contra policiais militares suspeitos de estarem envolvidos com uma organiza\u00e7\u00e3o criminosa. Os mandados s\u00e3o cumpridos em endere\u00e7os da capital e Grande S\u00e3o Paulo. Entre os investigados est\u00e1 um PM identificado como autor dos disparos que mataram Vin\u00edcius Gritzbach no aeroporto de Guarulhos, em 9 de novembro.<\/p>\n\n\n\n<p>A a\u00e7\u00e3o, denominada Prodotes, conta com a participa\u00e7\u00e3o da for\u00e7a-tarefa institu\u00edda pela Secretaria da Seguran\u00e7a P\u00fablica, que busca identificar outros envolvidos e eventuais mandantes do crime.<\/p>\n\n\n\n<p>Os policiais militares integrantes da quadrilha passaram a ser investigados em mar\u00e7o do ano passado, quando a Corregedoria recebeu uma den\u00fancia sobre poss\u00edveis vazamentos de informa\u00e7\u00f5es sigilosas que favoreciam criminosos ligados \u00e0 fac\u00e7\u00e3o.<\/p>\n\n\n\n<p>Essa investiga\u00e7\u00e3o evoluiu para um inqu\u00e9rito policial militar, instaurado cerca de sete meses depois, no qual foi apurado que os envolvidos, entre militares da ativa, da reserva e at\u00e9 ex-integrantes da institui\u00e7\u00e3o, conseguiam favorecer membros de uma organiza\u00e7\u00e3o criminosa, evitando pris\u00f5es ou preju\u00edzos financeiros.<\/p>\n\n\n\n<p>Entre os beneficiados pelo esquema estavam l\u00edderes da fac\u00e7\u00e3o e at\u00e9 mesmo pessoas procuradas pela Justi\u00e7a.<\/p>\n\n\n\n<p>Foi descoberto, ainda, que policiais prestavam escolta para criminosos, como \u00e9 o caso do homem assassinado no Aeroporto Internacional de Guarulhos. Ele tinha envolvimento com lavagem de dinheiro e duplo homic\u00eddio. Os militares que prestavam servi\u00e7o ao suspeito sabiam sobre os crimes e tamb\u00e9m integravam \u00e0 quadrilha.<\/p>\n\n\n\n<p>Ap\u00f3s as investiga\u00e7\u00f5es, a Corregedoria conseguiu, junto \u00e0 Justi\u00e7a, a expedi\u00e7\u00e3o dos mandados. Mais detalhes ser\u00e3o informados ao t\u00e9rmino da opera\u00e7\u00e3o.<\/p>\n\n\n\n<p><sub>fonte: Ag\u00eancia SP<\/sub><\/p>\n<input type=\"hidden\" id=\"baseurl\" value=\"https:\/\/noticiasregionais.com.br\"><input type=\"hidden\" id=\"audio_nonce\" value=\"62e6e21d74\">","protected":false},"excerpt":{"rendered":"<p>S\u00e3o cumpridos 15 mandados de pris\u00e3o na capital e na Grande S\u00e3o Paulo; entre os alvos est\u00e1 o policial suspeito&hellip;<\/p>\n","protected":false},"author":1,"featured_media":4047,"comment_status":"closed","ping_status":"open","sticky":false,"template":"","format":"standard","meta":{"sfsi_plus_gutenberg_text_before_share":"","sfsi_plus_gutenberg_show_text_before_share":"","sfsi_plus_gutenberg_icon_type":"","sfsi_plus_gutenberg_icon_alignemt":"","sfsi_plus_gutenburg_max_per_row":"","footnotes":""},"categories":[6,10,1],"tags":[],"class_list":["post-4046","post","type-post","status-publish","format-standard","has-post-thumbnail","hentry","category-sao_paulo","category-destaques","category-noticias"],"_links":{"self":[{"href":"https:\/\/noticiasregionais.com.br\/index.php?rest_route=\/wp\/v2\/posts\/4046","targetHints":{"allow":["GET"]}}],"collection":[{"href":"https:\/\/noticiasregionais.com.br\/index.php?rest_route=\/wp\/v2\/posts"}],"about":[{"href":"https:\/\/noticiasregionais.com.br\/index.php?rest_route=\/wp\/v2\/types\/post"}],"author":[{"embeddable":true,"href":"https:\/\/noticiasregionais.com.br\/index.php?rest_route=\/wp\/v2\/users\/1"}],"replies":[{"embeddable":true,"href":"https:\/\/noticiasregionais.com.br\/index.php?rest_route=%2Fwp%2Fv2%2Fcomments&post=4046"}],"version-history":[{"count":1,"href":"https:\/\/noticiasregionais.com.br\/index.php?rest_route=\/wp\/v2\/posts\/4046\/revisions"}],"predecessor-version":[{"id":4048,"href":"https:\/\/noticiasregionais.com.br\/index.php?rest_route=\/wp\/v2\/posts\/4046\/revisions\/4048"}],"wp:featuredmedia":[{"embeddable":true,"href":"https:\/\/noticiasregionais.com.br\/index.php?rest_route=\/wp\/v2\/media\/4047"}],"wp:attachment":[{"href":"https:\/\/noticiasregionais.com.br\/index.php?rest_route=%2Fwp%2Fv2%2Fmedia&parent=4046"}],"wp:term":[{"taxonomy":"category","embeddable":true,"href":"https:\/\/noticiasregionais.com.br\/index.php?rest_route=%2Fwp%2Fv2%2Fcategories&post=4046"},{"taxonomy":"post_tag","embeddable":true,"href":"https:\/\/noticiasregionais.com.br\/index.php?rest_route=%2Fwp%2Fv2%2Ftags&post=4046"}],"curies":[{"name":"wp","href":"https:\/\/api.w.org\/{rel}","templated":true}]}}