{"id":4060,"date":"2025-01-17T19:29:17","date_gmt":"2025-01-17T22:29:17","guid":{"rendered":"https:\/\/noticiasregionais.com.br\/?p=4060"},"modified":"2025-01-17T19:29:29","modified_gmt":"2025-01-17T22:29:29","slug":"guilherme-goncalves-e-equipe-inauguram-programa-remedio-na-hora-na-upa","status":"publish","type":"post","link":"https:\/\/noticiasregionais.com.br\/?p=4060","title":{"rendered":"Guilherme Gon\u00e7alves e Equipe inauguram programa \u201cRem\u00e9dio na Hora\u201d na UPA"},"content":{"rendered":"\n<p>Nesta sexta-feira (17), a Prefeitura de Ourinhos deu um passo significativo para aprimorar os servi\u00e7os de sa\u00fade p\u00fablica no munic\u00edpio ao lan\u00e7ar o programa <strong>\u201cRem\u00e9dio na Hora\u201d<\/strong>. A iniciativa, implementada na Unidade de Pronto Atendimento (UPA 24h), busca garantir que a popula\u00e7\u00e3o tenha acesso a medicamentos b\u00e1sicos fora do hor\u00e1rio comercial, suprindo uma necessidade emergencial da comunidade.<\/p>\n\n\n\n<p>A cerim\u00f4nia de inaugura\u00e7\u00e3o contou com a presen\u00e7a de diversas autoridades, como o prefeito Guilherme Gon\u00e7alves, o vice-prefeito Alexandre Z\u00f3io, o secret\u00e1rio municipal de sa\u00fade Diego Singolani, al\u00e9m do deputado estadual Ricardo Madalena, vereadores, representantes da Santa Casa e profissionais da sa\u00fade. Durante o evento, foram destacados os benef\u00edcios que o programa trar\u00e1 \u00e0 popula\u00e7\u00e3o, especialmente para aqueles que enfrentavam dificuldades para iniciar o tratamento m\u00e9dico imediatamente ap\u00f3s consultas de emerg\u00eancia.<\/p>\n\n\n\n<h4 class=\"wp-block-heading\">Atendimento humanizado e medicamentos dispon\u00edveis 24h<\/h4>\n\n\n\n<p>O prefeito Guilherme Gon\u00e7alves enfatizou que o programa representa um marco na gest\u00e3o da sa\u00fade local. \u201cNosso compromisso sempre foi garantir que nenhum cidad\u00e3o fique sem os medicamentos necess\u00e1rios por falta de acesso. Esse projeto simboliza uma forma mais humanizada de cuidar da sa\u00fade da nossa popula\u00e7\u00e3o\u201d, destacou. O prefeito tamb\u00e9m refor\u00e7ou que a amplia\u00e7\u00e3o do atendimento farmac\u00eautico era uma das prioridades de sua gest\u00e3o.<\/p>\n\n\n\n<p>J\u00e1 o secret\u00e1rio de sa\u00fade, Diego Singolani, explicou que o funcionamento da farm\u00e1cia foi planejado para atender de forma eficiente os pacientes fora do hor\u00e1rio comercial. \u201cO objetivo \u00e9 garantir que o tratamento comece imediatamente ap\u00f3s o atendimento m\u00e9dico, proporcionando maior agilidade e seguran\u00e7a \u00e0 sa\u00fade da popula\u00e7\u00e3o\u201d, afirmou Singolani.<\/p>\n\n\n\n<h4 class=\"wp-block-heading\">Funcionamento e servi\u00e7os oferecidos<\/h4>\n\n\n\n<p>A farm\u00e1cia do programa \u201cRem\u00e9dio na Hora\u201d funcionar\u00e1 das 17h \u00e0s 7h em dias \u00fateis, enquanto aos finais de semana, feriados e pontos facultativos estar\u00e1 aberta 24 horas por dia. O atendimento contar\u00e1 com farmac\u00eauticos e auxiliares capacitados para orientar os pacientes sobre o uso correto dos medicamentos, garantindo efic\u00e1cia e seguran\u00e7a nos tratamentos.<\/p>\n\n\n\n<p>Os medicamentos disponibilizados incluem itens padronizados pela Assist\u00eancia Farmac\u00eautica Municipal, voltados para tratamentos emergenciais de at\u00e9 tr\u00eas dias. Para retirar os rem\u00e9dios, os pacientes devem apresentar a receita m\u00e9dica e um documento de identifica\u00e7\u00e3o no balc\u00e3o da farm\u00e1cia. No entanto, antibi\u00f3ticos e medicamentos l\u00edquidos ter\u00e3o crit\u00e9rios espec\u00edficos para a dispensa\u00e7\u00e3o, visando atender \u00e0s normas de seguran\u00e7a e controle.<\/p>\n\n\n\n<h4 class=\"wp-block-heading\">Reconhecimento e impacto na sa\u00fade p\u00fablica<\/h4>\n\n\n\n<p>O deputado estadual Ricardo Madalena, presente na solenidade, elogiou a iniciativa e ressaltou a import\u00e2ncia de investimentos em pol\u00edticas p\u00fablicas que priorizem a sa\u00fade da popula\u00e7\u00e3o. \u201cEsse tipo de a\u00e7\u00e3o fortalece a parceria entre o munic\u00edpio e o Estado, beneficiando diretamente quem mais precisa de aten\u00e7\u00e3o\u201d, pontuou.<\/p>\n\n\n\n<p>Com o lan\u00e7amento do programa, Ourinhos se posiciona como refer\u00eancia em atendimento emergencial farmac\u00eautico, buscando oferecer uma sa\u00fade p\u00fablica mais acess\u00edvel e eficiente. A iniciativa, pioneira na cidade, atende a uma demanda antiga da popula\u00e7\u00e3o e refor\u00e7a o compromisso da gest\u00e3o municipal com a melhoria cont\u00ednua dos servi\u00e7os de sa\u00fade.<\/p>\n\n\n\n<p>Para mais informa\u00e7\u00f5es sobre o programa \u201cRem\u00e9dio na Hora\u201d, a popula\u00e7\u00e3o pode entrar em contato com a Secretaria Municipal de Sa\u00fade pelo telefone (14) 3324-1851.<\/p>\n\n\n\n<figure class=\"wp-block-gallery has-nested-images columns-default is-cropped wp-block-gallery-1 is-layout-flex wp-block-gallery-is-layout-flex\">\n<figure class=\"wp-block-image size-large\"><img decoding=\"async\" width=\"1024\" height=\"682\" data-id=\"4062\" src=\"https:\/\/noticiasregionais.com.br\/wp-content\/uploads\/2025\/01\/WhatsApp-Image-2025-01-17-at-12.57.231-1024x682.jpeg\" alt=\"\" class=\"wp-image-4062\" srcset=\"https:\/\/noticiasregionais.com.br\/wp-content\/uploads\/2025\/01\/WhatsApp-Image-2025-01-17-at-12.57.231-1024x682.jpeg 1024w, https:\/\/noticiasregionais.com.br\/wp-content\/uploads\/2025\/01\/WhatsApp-Image-2025-01-17-at-12.57.231-300x200.jpeg 300w, https:\/\/noticiasregionais.com.br\/wp-content\/uploads\/2025\/01\/WhatsApp-Image-2025-01-17-at-12.57.231-768x512.jpeg 768w, https:\/\/noticiasregionais.com.br\/wp-content\/uploads\/2025\/01\/WhatsApp-Image-2025-01-17-at-12.57.231-1536x1023.jpeg 1536w, https:\/\/noticiasregionais.com.br\/wp-content\/uploads\/2025\/01\/WhatsApp-Image-2025-01-17-at-12.57.231.jpeg 1600w\" sizes=\"(max-width: 1024px) 100vw, 1024px\" \/><\/figure>\n\n\n\n<figure class=\"wp-block-image size-large\"><img decoding=\"async\" width=\"1024\" height=\"682\" data-id=\"4063\" src=\"https:\/\/noticiasregionais.com.br\/wp-content\/uploads\/2025\/01\/WhatsApp-Image-2025-01-17-at-12.57.23-1024x682.jpeg\" alt=\"\" class=\"wp-image-4063\" srcset=\"https:\/\/noticiasregionais.com.br\/wp-content\/uploads\/2025\/01\/WhatsApp-Image-2025-01-17-at-12.57.23-1024x682.jpeg 1024w, https:\/\/noticiasregionais.com.br\/wp-content\/uploads\/2025\/01\/WhatsApp-Image-2025-01-17-at-12.57.23-300x200.jpeg 300w, https:\/\/noticiasregionais.com.br\/wp-content\/uploads\/2025\/01\/WhatsApp-Image-2025-01-17-at-12.57.23-768x512.jpeg 768w, https:\/\/noticiasregionais.com.br\/wp-content\/uploads\/2025\/01\/WhatsApp-Image-2025-01-17-at-12.57.23-1536x1023.jpeg 1536w, https:\/\/noticiasregionais.com.br\/wp-content\/uploads\/2025\/01\/WhatsApp-Image-2025-01-17-at-12.57.23.jpeg 1600w\" sizes=\"(max-width: 1024px) 100vw, 1024px\" \/><\/figure>\n<\/figure>\n<input type=\"hidden\" id=\"baseurl\" value=\"https:\/\/noticiasregionais.com.br\"><input type=\"hidden\" id=\"audio_nonce\" value=\"533fbb67b1\">","protected":false},"excerpt":{"rendered":"<p>Nesta sexta-feira (17), a Prefeitura de Ourinhos deu um passo significativo para aprimorar os servi\u00e7os de sa\u00fade p\u00fablica no munic\u00edpio&hellip;<\/p>\n","protected":false},"author":1,"featured_media":4061,"comment_status":"closed","ping_status":"open","sticky":false,"template":"","format":"standard","meta":{"sfsi_plus_gutenberg_text_before_share":"","sfsi_plus_gutenberg_show_text_before_share":"","sfsi_plus_gutenberg_icon_type":"","sfsi_plus_gutenberg_icon_alignemt":"","sfsi_plus_gutenburg_max_per_row":"","footnotes":""},"categories":[5,12,1],"tags":[],"class_list":["post-4060","post","type-post","status-publish","format-standard","has-post-thumbnail","hentry","category-ourinhos","category-capa","category-noticias"],"_links":{"self":[{"href":"https:\/\/noticiasregionais.com.br\/index.php?rest_route=\/wp\/v2\/posts\/4060","targetHints":{"allow":["GET"]}}],"collection":[{"href":"https:\/\/noticiasregionais.com.br\/index.php?rest_route=\/wp\/v2\/posts"}],"about":[{"href":"https:\/\/noticiasregionais.com.br\/index.php?rest_route=\/wp\/v2\/types\/post"}],"author":[{"embeddable":true,"href":"https:\/\/noticiasregionais.com.br\/index.php?rest_route=\/wp\/v2\/users\/1"}],"replies":[{"embeddable":true,"href":"https:\/\/noticiasregionais.com.br\/index.php?rest_route=%2Fwp%2Fv2%2Fcomments&post=4060"}],"version-history":[{"count":1,"href":"https:\/\/noticiasregionais.com.br\/index.php?rest_route=\/wp\/v2\/posts\/4060\/revisions"}],"predecessor-version":[{"id":4064,"href":"https:\/\/noticiasregionais.com.br\/index.php?rest_route=\/wp\/v2\/posts\/4060\/revisions\/4064"}],"wp:featuredmedia":[{"embeddable":true,"href":"https:\/\/noticiasregionais.com.br\/index.php?rest_route=\/wp\/v2\/media\/4061"}],"wp:attachment":[{"href":"https:\/\/noticiasregionais.com.br\/index.php?rest_route=%2Fwp%2Fv2%2Fmedia&parent=4060"}],"wp:term":[{"taxonomy":"category","embeddable":true,"href":"https:\/\/noticiasregionais.com.br\/index.php?rest_route=%2Fwp%2Fv2%2Fcategories&post=4060"},{"taxonomy":"post_tag","embeddable":true,"href":"https:\/\/noticiasregionais.com.br\/index.php?rest_route=%2Fwp%2Fv2%2Ftags&post=4060"}],"curies":[{"name":"wp","href":"https:\/\/api.w.org\/{rel}","templated":true}]}}