{"id":4065,"date":"2025-01-17T19:39:16","date_gmt":"2025-01-17T22:39:16","guid":{"rendered":"https:\/\/noticiasregionais.com.br\/?p=4065"},"modified":"2025-01-17T19:39:27","modified_gmt":"2025-01-17T22:39:27","slug":"parceria-entre-ace-ourinhos-e-sest-senat-traz-beneficios-exclusivos-para-associados","status":"publish","type":"post","link":"https:\/\/noticiasregionais.com.br\/?p=4065","title":{"rendered":"Parceria entre ACE Ourinhos e SEST SENAT traz benef\u00edcios exclusivos para associados"},"content":{"rendered":"\n<p>A Associa\u00e7\u00e3o Comercial e Empresarial de Ourinhos (ACE Ourinhos) iniciou 2025 com uma importante novidade para seus associados. Na \u00faltima ter\u00e7a-feira (15), o presidente da ACE, Engenheiro Robson Martuchi, oficializou uma parceria estrat\u00e9gica com o SEST SENAT ao assinar um termo de coopera\u00e7\u00e3o na sede da institui\u00e7\u00e3o. O acordo promete oferecer uma ampla gama de benef\u00edcios exclusivos para empres\u00e1rios, seus dependentes e colaboradores.<\/p>\n\n\n\n<p>Acompanhado pelo gerente da ACE, Gilvano Silva, Martuchi foi recebido pelo gerente do SEST SENAT, Leonardo Mazarin Neto, e pela t\u00e9cnica de promo\u00e7\u00e3o social, Meire Crivelli. A parceria visa fortalecer o acesso dos associados da ACE a servi\u00e7os e programas de qualifica\u00e7\u00e3o, sa\u00fade e bem-estar oferecidos pelo SEST SENAT.<\/p>\n\n\n\n<h4 class=\"wp-block-heading\">Benef\u00edcios variados para associados e colaboradores<\/h4>\n\n\n\n<p>Os associados da ACE Ourinhos ter\u00e3o descontos em servi\u00e7os essenciais, como atendimento odontol\u00f3gico, nutricional, psicol\u00f3gico e fisioterap\u00eautico, al\u00e9m de acesso a cursos de qualifica\u00e7\u00e3o profissional em modalidades presenciais, por webaulas e a dist\u00e2ncia. A parceria tamb\u00e9m inclui eventos culturais, atividades de lazer, palestras, loca\u00e7\u00f5es e treinamentos, proporcionando um pacote abrangente de oportunidades para os empres\u00e1rios e suas equipes.<\/p>\n\n\n\n<p>Robson Martuchi destacou o compromisso da ACE em agregar valor aos seus associados. \u201cNossa miss\u00e3o \u00e9 oferecer sempre o melhor em termos de inova\u00e7\u00e3o, qualifica\u00e7\u00e3o e benef\u00edcios para nossos associados e seus colaboradores. Essa parceria com o SEST SENAT \u00e9 um marco, pois vai al\u00e9m da capacita\u00e7\u00e3o t\u00e9cnica, abrangendo tamb\u00e9m o cuidado com a sa\u00fade e o bem-estar,\u201d afirmou.<\/p>\n\n\n\n<h4 class=\"wp-block-heading\">Pr\u00f3ximos passos e novos servi\u00e7os<\/h4>\n\n\n\n<p>Nos pr\u00f3ximos dias, a ACE Ourinhos divulgar\u00e1 uma lista detalhada dos servi\u00e7os do SEST SENAT que estar\u00e3o dispon\u00edveis para os associados. A expectativa \u00e9 de que a parceria impacte positivamente o desenvolvimento profissional e pessoal dos empres\u00e1rios e suas equipes, refor\u00e7ando o papel da ACE como um agente de transforma\u00e7\u00e3o no cen\u00e1rio empresarial da regi\u00e3o.<\/p>\n\n\n\n<p>Leonardo Mazarin Neto, gerente do SEST SENAT, tamb\u00e9m comemorou o acordo. \u201c\u00c9 uma honra firmar essa parceria com a ACE Ourinhos, que compartilha conosco o compromisso de promover desenvolvimento e qualidade de vida. Estamos ansiosos para atender os associados e contribuir para o crescimento da classe empresarial local.\u201d<\/p>\n\n\n\n<h4 class=\"wp-block-heading\">Agradecimentos e perspectiva futura<\/h4>\n\n\n\n<p>Ao final da reuni\u00e3o, Martuchi agradeceu ao SEST SENAT pela disposi\u00e7\u00e3o em firmar a parceria. \u201cQuero expressar minha gratid\u00e3o ao gerente Leonardo e \u00e0 Meire por viabilizarem essa colabora\u00e7\u00e3o in\u00e9dita e t\u00e3o relevante para nossa regi\u00e3o. A ACE estar\u00e1 sempre de portas abertas para fortalecer essa rela\u00e7\u00e3o.\u201d<\/p>\n\n\n\n<p>Com essa iniciativa, a ACE Ourinhos refor\u00e7a sua posi\u00e7\u00e3o como uma das principais entidades de apoio ao empresariado local, reafirmando seu compromisso com a inova\u00e7\u00e3o, o crescimento e a valoriza\u00e7\u00e3o de seus associados.<\/p>\n\n\n\n<figure class=\"wp-block-gallery has-nested-images columns-default is-cropped wp-block-gallery-1 is-layout-flex wp-block-gallery-is-layout-flex\">\n<figure class=\"wp-block-image size-large\"><img decoding=\"async\" width=\"1024\" height=\"768\" data-id=\"4067\" src=\"https:\/\/noticiasregionais.com.br\/wp-content\/uploads\/2025\/01\/WhatsApp-Image-2025-01-17-at-15.17.381-1024x768.jpeg\" alt=\"\" class=\"wp-image-4067\" srcset=\"https:\/\/noticiasregionais.com.br\/wp-content\/uploads\/2025\/01\/WhatsApp-Image-2025-01-17-at-15.17.381-1024x768.jpeg 1024w, https:\/\/noticiasregionais.com.br\/wp-content\/uploads\/2025\/01\/WhatsApp-Image-2025-01-17-at-15.17.381-300x225.jpeg 300w, https:\/\/noticiasregionais.com.br\/wp-content\/uploads\/2025\/01\/WhatsApp-Image-2025-01-17-at-15.17.381-768x576.jpeg 768w, https:\/\/noticiasregionais.com.br\/wp-content\/uploads\/2025\/01\/WhatsApp-Image-2025-01-17-at-15.17.381-1536x1152.jpeg 1536w, https:\/\/noticiasregionais.com.br\/wp-content\/uploads\/2025\/01\/WhatsApp-Image-2025-01-17-at-15.17.381.jpeg 1600w\" sizes=\"(max-width: 1024px) 100vw, 1024px\" \/><\/figure>\n<\/figure>\n<input type=\"hidden\" id=\"baseurl\" value=\"https:\/\/noticiasregionais.com.br\"><input type=\"hidden\" id=\"audio_nonce\" value=\"533fbb67b1\">","protected":false},"excerpt":{"rendered":"<p>A Associa\u00e7\u00e3o Comercial e Empresarial de Ourinhos (ACE Ourinhos) iniciou 2025 com uma importante novidade para seus associados. Na \u00faltima&hellip;<\/p>\n","protected":false},"author":1,"featured_media":4066,"comment_status":"closed","ping_status":"open","sticky":false,"template":"","format":"standard","meta":{"sfsi_plus_gutenberg_text_before_share":"","sfsi_plus_gutenberg_show_text_before_share":"","sfsi_plus_gutenberg_icon_type":"","sfsi_plus_gutenberg_icon_alignemt":"","sfsi_plus_gutenburg_max_per_row":"","footnotes":""},"categories":[5,10,1],"tags":[],"class_list":["post-4065","post","type-post","status-publish","format-standard","has-post-thumbnail","hentry","category-ourinhos","category-destaques","category-noticias"],"_links":{"self":[{"href":"https:\/\/noticiasregionais.com.br\/index.php?rest_route=\/wp\/v2\/posts\/4065","targetHints":{"allow":["GET"]}}],"collection":[{"href":"https:\/\/noticiasregionais.com.br\/index.php?rest_route=\/wp\/v2\/posts"}],"about":[{"href":"https:\/\/noticiasregionais.com.br\/index.php?rest_route=\/wp\/v2\/types\/post"}],"author":[{"embeddable":true,"href":"https:\/\/noticiasregionais.com.br\/index.php?rest_route=\/wp\/v2\/users\/1"}],"replies":[{"embeddable":true,"href":"https:\/\/noticiasregionais.com.br\/index.php?rest_route=%2Fwp%2Fv2%2Fcomments&post=4065"}],"version-history":[{"count":1,"href":"https:\/\/noticiasregionais.com.br\/index.php?rest_route=\/wp\/v2\/posts\/4065\/revisions"}],"predecessor-version":[{"id":4069,"href":"https:\/\/noticiasregionais.com.br\/index.php?rest_route=\/wp\/v2\/posts\/4065\/revisions\/4069"}],"wp:featuredmedia":[{"embeddable":true,"href":"https:\/\/noticiasregionais.com.br\/index.php?rest_route=\/wp\/v2\/media\/4066"}],"wp:attachment":[{"href":"https:\/\/noticiasregionais.com.br\/index.php?rest_route=%2Fwp%2Fv2%2Fmedia&parent=4065"}],"wp:term":[{"taxonomy":"category","embeddable":true,"href":"https:\/\/noticiasregionais.com.br\/index.php?rest_route=%2Fwp%2Fv2%2Fcategories&post=4065"},{"taxonomy":"post_tag","embeddable":true,"href":"https:\/\/noticiasregionais.com.br\/index.php?rest_route=%2Fwp%2Fv2%2Ftags&post=4065"}],"curies":[{"name":"wp","href":"https:\/\/api.w.org\/{rel}","templated":true}]}}