{"id":4070,"date":"2025-01-17T19:43:41","date_gmt":"2025-01-17T22:43:41","guid":{"rendered":"https:\/\/noticiasregionais.com.br\/?p=4070"},"modified":"2025-01-17T19:43:52","modified_gmt":"2025-01-17T22:43:52","slug":"prf-flagra-caminhoneiro-na-direcao-por-mais-de-17-horas","status":"publish","type":"post","link":"https:\/\/noticiasregionais.com.br\/?p=4070","title":{"rendered":"PRF flagra caminhoneiro na dire\u00e7\u00e3o por mais de 17 horas"},"content":{"rendered":"\n<h4 class=\"wp-block-heading has-text-align-center\">Ele havia feito duas paradas curtas antes da abordagem policial<\/h4>\n\n\n\n<p>Na noite desta ter\u00e7a-feira (14), por volta das 22h00, agentes da Pol\u00edcia Rodovi\u00e1ria Federal (PRF) de Apucarana\/PR realizaram a abordagem de um ve\u00edculo de carga carregado com 38 toneladas de cimento, conduzido por um homem de 47 anos, morador de Guarapuava\/PR.<\/p>\n\n\n\n<p>Durante uma fiscaliza\u00e7\u00e3o no km 247, da BR 376, os agentes verificaram os dados emitidos pelo cronotac\u00f3grafo do ve\u00edculo. O equipamento registrou apenas duas paradas curtas, durante um tempo de viagem de aproximadamente 17 horas.<\/p>\n\n\n\n<p>Por lei, os motoristas profissionais devem descansar ao menos 11 horas de forma ininterrupta. O descumprimento eleva o risco de acidentes. Neste caso, o condutor n\u00e3o tinha cumprido o descanso que o C\u00f3digo de Tr\u00e2nsito Brasileiro determina.<\/p>\n\n\n\n<p>Pelo flagrante do n\u00e3o cumprimento do que preconiza o CTB, al\u00e9m do auto de infra\u00e7\u00e3o o motorista foi obrigado a cumprir o per\u00edodo de descanso previsto pela legisla\u00e7\u00e3o para poder prosseguir viagem.<\/p>\n<input type=\"hidden\" id=\"baseurl\" value=\"https:\/\/noticiasregionais.com.br\"><input type=\"hidden\" id=\"audio_nonce\" value=\"533fbb67b1\">","protected":false},"excerpt":{"rendered":"<p>Ele havia feito duas paradas curtas antes da abordagem policial Na noite desta ter\u00e7a-feira (14), por volta das 22h00, agentes&hellip;<\/p>\n","protected":false},"author":1,"featured_media":4071,"comment_status":"closed","ping_status":"open","sticky":false,"template":"","format":"standard","meta":{"sfsi_plus_gutenberg_text_before_share":"","sfsi_plus_gutenberg_show_text_before_share":"","sfsi_plus_gutenberg_icon_type":"","sfsi_plus_gutenberg_icon_alignemt":"","sfsi_plus_gutenburg_max_per_row":"","footnotes":""},"categories":[7,10,1],"tags":[],"class_list":["post-4070","post","type-post","status-publish","format-standard","has-post-thumbnail","hentry","category-parana","category-destaques","category-noticias"],"_links":{"self":[{"href":"https:\/\/noticiasregionais.com.br\/index.php?rest_route=\/wp\/v2\/posts\/4070","targetHints":{"allow":["GET"]}}],"collection":[{"href":"https:\/\/noticiasregionais.com.br\/index.php?rest_route=\/wp\/v2\/posts"}],"about":[{"href":"https:\/\/noticiasregionais.com.br\/index.php?rest_route=\/wp\/v2\/types\/post"}],"author":[{"embeddable":true,"href":"https:\/\/noticiasregionais.com.br\/index.php?rest_route=\/wp\/v2\/users\/1"}],"replies":[{"embeddable":true,"href":"https:\/\/noticiasregionais.com.br\/index.php?rest_route=%2Fwp%2Fv2%2Fcomments&post=4070"}],"version-history":[{"count":1,"href":"https:\/\/noticiasregionais.com.br\/index.php?rest_route=\/wp\/v2\/posts\/4070\/revisions"}],"predecessor-version":[{"id":4072,"href":"https:\/\/noticiasregionais.com.br\/index.php?rest_route=\/wp\/v2\/posts\/4070\/revisions\/4072"}],"wp:featuredmedia":[{"embeddable":true,"href":"https:\/\/noticiasregionais.com.br\/index.php?rest_route=\/wp\/v2\/media\/4071"}],"wp:attachment":[{"href":"https:\/\/noticiasregionais.com.br\/index.php?rest_route=%2Fwp%2Fv2%2Fmedia&parent=4070"}],"wp:term":[{"taxonomy":"category","embeddable":true,"href":"https:\/\/noticiasregionais.com.br\/index.php?rest_route=%2Fwp%2Fv2%2Fcategories&post=4070"},{"taxonomy":"post_tag","embeddable":true,"href":"https:\/\/noticiasregionais.com.br\/index.php?rest_route=%2Fwp%2Fv2%2Ftags&post=4070"}],"curies":[{"name":"wp","href":"https:\/\/api.w.org\/{rel}","templated":true}]}}