{"id":4073,"date":"2025-01-17T19:51:13","date_gmt":"2025-01-17T22:51:13","guid":{"rendered":"https:\/\/noticiasregionais.com.br\/?p=4073"},"modified":"2025-01-17T19:51:17","modified_gmt":"2025-01-17T22:51:17","slug":"secretaria-de-inclusao-e-senai-avaliam-parceria-para-cursos-profissionalizantes-para-pessoas-com-deficiencia","status":"publish","type":"post","link":"https:\/\/noticiasregionais.com.br\/?p=4073","title":{"rendered":"Secretaria de Inclus\u00e3o e SENAI avaliam parceria para cursos profissionalizantes para pessoas com defici\u00eancia"},"content":{"rendered":"\n<p>A <strong>Secretaria Municipal de Inclus\u00e3o<\/strong> deu um passo significativo para ampliar as oportunidades de qualifica\u00e7\u00e3o profissional para <strong>pessoas com defici\u00eancia<\/strong>. Na \u00faltima quinta-feira (16), a secret\u00e1ria Patr\u00edcia Miranda reuniu-se com Thiago Alexandre Rosa Hamad, coordenador de Relacionamento do <strong>SENAI (Servi\u00e7o Nacional de Aprendizagem Industrial)<\/strong>, para discutir uma poss\u00edvel parceria in\u00e9dita. O objetivo \u00e9 oferecer <strong>cursos profissionalizantes de qualidade<\/strong>, contribuindo para a inclus\u00e3o social e profissional desse p\u00fablico.<\/p>\n\n\n\n<h4 class=\"wp-block-heading\">Cursos profissionalizantes para promover inclus\u00e3o<\/h4>\n\n\n\n<p>A proposta da parceria \u00e9 promover a capacita\u00e7\u00e3o t\u00e9cnica e profissional de pessoas com defici\u00eancia, possibilitando que elas tenham acesso a mais oportunidades no mercado de trabalho. A secret\u00e1ria Patr\u00edcia Miranda destacou a relev\u00e2ncia da iniciativa:<\/p>\n\n\n\n<blockquote class=\"wp-block-quote is-layout-flow wp-block-quote-is-layout-flow\">\n<p>&#8220;Estamos comprometidos com a inclus\u00e3o e a igualdade de oportunidades. Acreditamos que, atrav\u00e9s da educa\u00e7\u00e3o e da qualifica\u00e7\u00e3o, podemos transformar vidas e construir um futuro mais justo.&#8221;<\/p>\n<\/blockquote>\n\n\n\n<p>Os cursos, que devem ser realizados em parceria com o SENAI, buscar\u00e3o atender \u00e0s demandas do mercado local, garantindo que os participantes adquiram compet\u00eancias pr\u00e1ticas e te\u00f3ricas alinhadas \u00e0s necessidades das empresas.<\/p>\n\n\n\n<h4 class=\"wp-block-heading\">Inclus\u00e3o e acessibilidade como prioridade<\/h4>\n\n\n\n<p>A Secretaria de Inclus\u00e3o refor\u00e7a que sua miss\u00e3o \u00e9 assegurar os direitos das pessoas com defici\u00eancia e criar uma sociedade mais inclusiva. Essa parceria est\u00e1 alinhada a esse compromisso, promovendo autonomia, empregabilidade e igualdade.<\/p>\n\n\n\n<p>Al\u00e9m disso, a a\u00e7\u00e3o se soma aos esfor\u00e7os do governo municipal para implementar pol\u00edticas p\u00fablicas que promovam a <strong>inclus\u00e3o social<\/strong> e a acessibilidade. &#8220;A educa\u00e7\u00e3o \u00e9 um dos pilares mais importantes para transformar realidades. Estamos confiantes de que essa parceria ser\u00e1 um divisor de \u00e1guas para muitas pessoas&#8221;, ressaltou a secret\u00e1ria.<\/p>\n\n\n\n<h4 class=\"wp-block-heading\">Benef\u00edcios da parceria com o SENAI<\/h4>\n\n\n\n<p>O <strong>SENAI<\/strong>, reconhecido por sua excel\u00eancia em educa\u00e7\u00e3o profissional, trar\u00e1 uma infraestrutura de ponta e instrutores qualificados para os cursos. A colabora\u00e7\u00e3o visa oferecer forma\u00e7\u00e3o em \u00e1reas com alta demanda no mercado de trabalho, fortalecendo a empregabilidade e promovendo o desenvolvimento regional.<\/p>\n\n\n\n<p>A expectativa \u00e9 de que a parceria seja formalizada em breve, com a divulga\u00e7\u00e3o de detalhes sobre os cursos, inscri\u00e7\u00f5es e requisitos. Essa iniciativa reafirma o compromisso da Secretaria Municipal de Inclus\u00e3o em garantir mais oportunidades e melhores condi\u00e7\u00f5es para pessoas com defici\u00eancia, contribuindo para uma sociedade mais justa e igualit\u00e1ria.<\/p>\n<input type=\"hidden\" id=\"baseurl\" value=\"https:\/\/noticiasregionais.com.br\"><input type=\"hidden\" id=\"audio_nonce\" value=\"533fbb67b1\">","protected":false},"excerpt":{"rendered":"<p>A Secretaria Municipal de Inclus\u00e3o deu um passo significativo para ampliar as oportunidades de qualifica\u00e7\u00e3o profissional para pessoas com defici\u00eancia.&hellip;<\/p>\n","protected":false},"author":1,"featured_media":4074,"comment_status":"closed","ping_status":"open","sticky":false,"template":"","format":"standard","meta":{"sfsi_plus_gutenberg_text_before_share":"","sfsi_plus_gutenberg_show_text_before_share":"","sfsi_plus_gutenberg_icon_type":"","sfsi_plus_gutenberg_icon_alignemt":"","sfsi_plus_gutenburg_max_per_row":"","footnotes":""},"categories":[5,10,1],"tags":[],"class_list":["post-4073","post","type-post","status-publish","format-standard","has-post-thumbnail","hentry","category-ourinhos","category-destaques","category-noticias"],"_links":{"self":[{"href":"https:\/\/noticiasregionais.com.br\/index.php?rest_route=\/wp\/v2\/posts\/4073","targetHints":{"allow":["GET"]}}],"collection":[{"href":"https:\/\/noticiasregionais.com.br\/index.php?rest_route=\/wp\/v2\/posts"}],"about":[{"href":"https:\/\/noticiasregionais.com.br\/index.php?rest_route=\/wp\/v2\/types\/post"}],"author":[{"embeddable":true,"href":"https:\/\/noticiasregionais.com.br\/index.php?rest_route=\/wp\/v2\/users\/1"}],"replies":[{"embeddable":true,"href":"https:\/\/noticiasregionais.com.br\/index.php?rest_route=%2Fwp%2Fv2%2Fcomments&post=4073"}],"version-history":[{"count":1,"href":"https:\/\/noticiasregionais.com.br\/index.php?rest_route=\/wp\/v2\/posts\/4073\/revisions"}],"predecessor-version":[{"id":4075,"href":"https:\/\/noticiasregionais.com.br\/index.php?rest_route=\/wp\/v2\/posts\/4073\/revisions\/4075"}],"wp:featuredmedia":[{"embeddable":true,"href":"https:\/\/noticiasregionais.com.br\/index.php?rest_route=\/wp\/v2\/media\/4074"}],"wp:attachment":[{"href":"https:\/\/noticiasregionais.com.br\/index.php?rest_route=%2Fwp%2Fv2%2Fmedia&parent=4073"}],"wp:term":[{"taxonomy":"category","embeddable":true,"href":"https:\/\/noticiasregionais.com.br\/index.php?rest_route=%2Fwp%2Fv2%2Fcategories&post=4073"},{"taxonomy":"post_tag","embeddable":true,"href":"https:\/\/noticiasregionais.com.br\/index.php?rest_route=%2Fwp%2Fv2%2Ftags&post=4073"}],"curies":[{"name":"wp","href":"https:\/\/api.w.org\/{rel}","templated":true}]}}