{"id":4076,"date":"2025-01-17T20:06:50","date_gmt":"2025-01-17T23:06:50","guid":{"rendered":"https:\/\/noticiasregionais.com.br\/?p=4076"},"modified":"2025-01-17T20:06:53","modified_gmt":"2025-01-17T23:06:53","slug":"equipe-feminina-de-basquete-de-ourinhos-retorna-a-liga-nacional-apos-mais-de-uma-decada","status":"publish","type":"post","link":"https:\/\/noticiasregionais.com.br\/?p=4076","title":{"rendered":"Equipe Feminina de Basquete de Ourinhos retorna \u00e0 Liga Nacional ap\u00f3s mais de uma d\u00e9cada"},"content":{"rendered":"\n<p>Ap\u00f3s um hiato de mais de dez anos, a equipe feminina de basquete de Ourinhos\/AOBE est\u00e1 de volta \u00e0 principal competi\u00e7\u00e3o do basquete feminino no pa\u00eds!<\/p>\n\n\n\n<p>A Liga de Basquete Feminino (LBF) aprovou a reintegra\u00e7\u00e3o do time ourinhense \u00e0 elite da modalidade, marcando o retorno de um dos times mais vitoriosos da hist\u00f3ria do esporte no Brasil.<\/p>\n\n\n\n<p>Com um legado impressionante, Ourinhos ostenta cinco t\u00edtulos nacionais, sete conquistas no Campeonato Paulista e dois trof\u00e9us sul-americanos, consolidando-se como uma refer\u00eancia no basquete feminino.<\/p>\n\n\n\n<p>Al\u00e9m de disputar a LBF nesta temporada, o Ourinhos Basquete tamb\u00e9m marcar\u00e1 presen\u00e7a nos Jogos Regionais, no Campeonato Paulista e nos Jogos Abertos do Interior, ampliando sua participa\u00e7\u00e3o em competi\u00e7\u00f5es de grande relev\u00e2ncia.<\/p>\n\n\n\n<p>A estreia do time na Liga Nacional est\u00e1 prevista para mar\u00e7o, com local e data ainda a serem definidos.<\/p>\n\n\n\n<p>\u201cO prefeito Guilherme Gon\u00e7alves tem direcionado importantes investimentos ao esporte, e nosso objetivo \u00e9 colocar Ourinhos em destaque no cen\u00e1rio esportivo brasileiro\u201d, destacou Valter do Nascimento (Latinha), secret\u00e1rio de Esportes.<\/p>\n<input type=\"hidden\" id=\"baseurl\" value=\"https:\/\/noticiasregionais.com.br\"><input type=\"hidden\" id=\"audio_nonce\" value=\"533fbb67b1\">","protected":false},"excerpt":{"rendered":"<p>Ap\u00f3s um hiato de mais de dez anos, a equipe feminina de basquete de Ourinhos\/AOBE est\u00e1 de volta \u00e0 principal&hellip;<\/p>\n","protected":false},"author":1,"featured_media":4077,"comment_status":"closed","ping_status":"open","sticky":false,"template":"","format":"standard","meta":{"sfsi_plus_gutenberg_text_before_share":"","sfsi_plus_gutenberg_show_text_before_share":"","sfsi_plus_gutenberg_icon_type":"","sfsi_plus_gutenberg_icon_alignemt":"","sfsi_plus_gutenburg_max_per_row":"","footnotes":""},"categories":[5,10,1],"tags":[],"class_list":["post-4076","post","type-post","status-publish","format-standard","has-post-thumbnail","hentry","category-ourinhos","category-destaques","category-noticias"],"_links":{"self":[{"href":"https:\/\/noticiasregionais.com.br\/index.php?rest_route=\/wp\/v2\/posts\/4076","targetHints":{"allow":["GET"]}}],"collection":[{"href":"https:\/\/noticiasregionais.com.br\/index.php?rest_route=\/wp\/v2\/posts"}],"about":[{"href":"https:\/\/noticiasregionais.com.br\/index.php?rest_route=\/wp\/v2\/types\/post"}],"author":[{"embeddable":true,"href":"https:\/\/noticiasregionais.com.br\/index.php?rest_route=\/wp\/v2\/users\/1"}],"replies":[{"embeddable":true,"href":"https:\/\/noticiasregionais.com.br\/index.php?rest_route=%2Fwp%2Fv2%2Fcomments&post=4076"}],"version-history":[{"count":1,"href":"https:\/\/noticiasregionais.com.br\/index.php?rest_route=\/wp\/v2\/posts\/4076\/revisions"}],"predecessor-version":[{"id":4078,"href":"https:\/\/noticiasregionais.com.br\/index.php?rest_route=\/wp\/v2\/posts\/4076\/revisions\/4078"}],"wp:featuredmedia":[{"embeddable":true,"href":"https:\/\/noticiasregionais.com.br\/index.php?rest_route=\/wp\/v2\/media\/4077"}],"wp:attachment":[{"href":"https:\/\/noticiasregionais.com.br\/index.php?rest_route=%2Fwp%2Fv2%2Fmedia&parent=4076"}],"wp:term":[{"taxonomy":"category","embeddable":true,"href":"https:\/\/noticiasregionais.com.br\/index.php?rest_route=%2Fwp%2Fv2%2Fcategories&post=4076"},{"taxonomy":"post_tag","embeddable":true,"href":"https:\/\/noticiasregionais.com.br\/index.php?rest_route=%2Fwp%2Fv2%2Ftags&post=4076"}],"curies":[{"name":"wp","href":"https:\/\/api.w.org\/{rel}","templated":true}]}}