{"id":4081,"date":"2025-01-21T12:19:28","date_gmt":"2025-01-21T15:19:28","guid":{"rendered":"https:\/\/noticiasregionais.com.br\/?p=4081"},"modified":"2025-01-21T12:33:52","modified_gmt":"2025-01-21T15:33:52","slug":"prefeito-de-ourinhos-disponibiliza-carro-oficial-para-humanizar-atendimento-na-saude","status":"publish","type":"post","link":"https:\/\/noticiasregionais.com.br\/?p=4081","title":{"rendered":"Guilherme Gon\u00e7alves, prefeito de Ourinhos destina carro oficial para atendimento humanizado na sa\u00fade"},"content":{"rendered":"\n<p>O prefeito de Ourinhos, Guilherme Gon\u00e7alves, decidiu abrir m\u00e3o do uso do carro oficial da prefeitura durante seu mandato. Em uma iniciativa in\u00e9dita, o ve\u00edculo ser\u00e1 destinado \u00e0 UPA (Unidade de Pronto Atendimento) do munic\u00edpio, com o objetivo de oferecer transporte para pacientes atendidos na unidade, facilitando o retorno deles para suas resid\u00eancias.<\/p>\n\n\n\n<p>A decis\u00e3o reflete o compromisso do prefeito com a sa\u00fade e o bem-estar da popula\u00e7\u00e3o, priorizando a humaniza\u00e7\u00e3o nos servi\u00e7os de atendimento e fortalecendo a qualidade do suporte oferecido aos moradores da cidade.<\/p>\n<input type=\"hidden\" id=\"baseurl\" value=\"https:\/\/noticiasregionais.com.br\"><input type=\"hidden\" id=\"audio_nonce\" value=\"533fbb67b1\">","protected":false},"excerpt":{"rendered":"<p>O prefeito de Ourinhos, Guilherme Gon\u00e7alves, decidiu abrir m\u00e3o do uso do carro oficial da prefeitura durante seu mandato. Em&hellip;<\/p>\n","protected":false},"author":1,"featured_media":4082,"comment_status":"closed","ping_status":"open","sticky":false,"template":"","format":"standard","meta":{"sfsi_plus_gutenberg_text_before_share":"","sfsi_plus_gutenberg_show_text_before_share":"","sfsi_plus_gutenberg_icon_type":"","sfsi_plus_gutenberg_icon_alignemt":"","sfsi_plus_gutenburg_max_per_row":"","footnotes":""},"categories":[1,12,5],"tags":[],"class_list":["post-4081","post","type-post","status-publish","format-standard","has-post-thumbnail","hentry","category-noticias","category-capa","category-ourinhos"],"_links":{"self":[{"href":"https:\/\/noticiasregionais.com.br\/index.php?rest_route=\/wp\/v2\/posts\/4081","targetHints":{"allow":["GET"]}}],"collection":[{"href":"https:\/\/noticiasregionais.com.br\/index.php?rest_route=\/wp\/v2\/posts"}],"about":[{"href":"https:\/\/noticiasregionais.com.br\/index.php?rest_route=\/wp\/v2\/types\/post"}],"author":[{"embeddable":true,"href":"https:\/\/noticiasregionais.com.br\/index.php?rest_route=\/wp\/v2\/users\/1"}],"replies":[{"embeddable":true,"href":"https:\/\/noticiasregionais.com.br\/index.php?rest_route=%2Fwp%2Fv2%2Fcomments&post=4081"}],"version-history":[{"count":2,"href":"https:\/\/noticiasregionais.com.br\/index.php?rest_route=\/wp\/v2\/posts\/4081\/revisions"}],"predecessor-version":[{"id":4092,"href":"https:\/\/noticiasregionais.com.br\/index.php?rest_route=\/wp\/v2\/posts\/4081\/revisions\/4092"}],"wp:featuredmedia":[{"embeddable":true,"href":"https:\/\/noticiasregionais.com.br\/index.php?rest_route=\/wp\/v2\/media\/4082"}],"wp:attachment":[{"href":"https:\/\/noticiasregionais.com.br\/index.php?rest_route=%2Fwp%2Fv2%2Fmedia&parent=4081"}],"wp:term":[{"taxonomy":"category","embeddable":true,"href":"https:\/\/noticiasregionais.com.br\/index.php?rest_route=%2Fwp%2Fv2%2Fcategories&post=4081"},{"taxonomy":"post_tag","embeddable":true,"href":"https:\/\/noticiasregionais.com.br\/index.php?rest_route=%2Fwp%2Fv2%2Ftags&post=4081"}],"curies":[{"name":"wp","href":"https:\/\/api.w.org\/{rel}","templated":true}]}}