{"id":4084,"date":"2025-01-21T12:21:52","date_gmt":"2025-01-21T15:21:52","guid":{"rendered":"https:\/\/noticiasregionais.com.br\/?p=4084"},"modified":"2025-01-21T12:24:55","modified_gmt":"2025-01-21T15:24:55","slug":"acoes-de-combate-a-dengue-sao-intensificadas-em-ourinhos","status":"publish","type":"post","link":"https:\/\/noticiasregionais.com.br\/?p=4084","title":{"rendered":"A\u00e7\u00f5es de Combate \u00e0 Dengue s\u00e3o Intensificadas em Ourinhos"},"content":{"rendered":"\n<p>A cidade de Ourinhos, por meio da Secretaria Municipal de Sa\u00fade, iniciou nesta segunda-feira (20) uma s\u00e9rie de a\u00e7\u00f5es voltadas ao combate ao Aedes aegypti, mosquito respons\u00e1vel pela transmiss\u00e3o da dengue. As atividades incluem a aplica\u00e7\u00e3o de nebuliza\u00e7\u00e3o nos bairros com maior registro de casos, conforme dados do monitoramento epidemiol\u00f3gico local.<\/p>\n\n\n\n<p>O principal objetivo dessa iniciativa \u00e9 conter a prolifera\u00e7\u00e3o do mosquito e, assim, diminuir os casos da doen\u00e7a na cidade. Embora a nebuliza\u00e7\u00e3o seja uma estrat\u00e9gia eficaz, a participa\u00e7\u00e3o ativa da popula\u00e7\u00e3o \u00e9 indispens\u00e1vel. A elimina\u00e7\u00e3o de criadouros, como recipientes que acumulam \u00e1gua parada, e a manuten\u00e7\u00e3o de ambientes limpos s\u00e3o atitudes fundamentais.<\/p>\n\n\n\n<p>A Secretaria de Sa\u00fade destaca que o engajamento dos moradores \u00e9 pe\u00e7a-chave para o sucesso das a\u00e7\u00f5es. Trabalhando juntos, poder p\u00fablico e comunidade podem alcan\u00e7ar resultados significativos no enfrentamento \u00e0 dengue e proteger a sa\u00fade de todos.<\/p>\n<input type=\"hidden\" id=\"baseurl\" value=\"https:\/\/noticiasregionais.com.br\"><input type=\"hidden\" id=\"audio_nonce\" value=\"533fbb67b1\">","protected":false},"excerpt":{"rendered":"<p>A cidade de Ourinhos, por meio da Secretaria Municipal de Sa\u00fade, iniciou nesta segunda-feira (20) uma s\u00e9rie de a\u00e7\u00f5es voltadas&hellip;<\/p>\n","protected":false},"author":1,"featured_media":4085,"comment_status":"closed","ping_status":"open","sticky":false,"template":"","format":"standard","meta":{"sfsi_plus_gutenberg_text_before_share":"","sfsi_plus_gutenberg_show_text_before_share":"","sfsi_plus_gutenberg_icon_type":"","sfsi_plus_gutenberg_icon_alignemt":"","sfsi_plus_gutenburg_max_per_row":"","footnotes":""},"categories":[1,10,5],"tags":[],"class_list":["post-4084","post","type-post","status-publish","format-standard","has-post-thumbnail","hentry","category-noticias","category-destaques","category-ourinhos"],"_links":{"self":[{"href":"https:\/\/noticiasregionais.com.br\/index.php?rest_route=\/wp\/v2\/posts\/4084","targetHints":{"allow":["GET"]}}],"collection":[{"href":"https:\/\/noticiasregionais.com.br\/index.php?rest_route=\/wp\/v2\/posts"}],"about":[{"href":"https:\/\/noticiasregionais.com.br\/index.php?rest_route=\/wp\/v2\/types\/post"}],"author":[{"embeddable":true,"href":"https:\/\/noticiasregionais.com.br\/index.php?rest_route=\/wp\/v2\/users\/1"}],"replies":[{"embeddable":true,"href":"https:\/\/noticiasregionais.com.br\/index.php?rest_route=%2Fwp%2Fv2%2Fcomments&post=4084"}],"version-history":[{"count":1,"href":"https:\/\/noticiasregionais.com.br\/index.php?rest_route=\/wp\/v2\/posts\/4084\/revisions"}],"predecessor-version":[{"id":4086,"href":"https:\/\/noticiasregionais.com.br\/index.php?rest_route=\/wp\/v2\/posts\/4084\/revisions\/4086"}],"wp:featuredmedia":[{"embeddable":true,"href":"https:\/\/noticiasregionais.com.br\/index.php?rest_route=\/wp\/v2\/media\/4085"}],"wp:attachment":[{"href":"https:\/\/noticiasregionais.com.br\/index.php?rest_route=%2Fwp%2Fv2%2Fmedia&parent=4084"}],"wp:term":[{"taxonomy":"category","embeddable":true,"href":"https:\/\/noticiasregionais.com.br\/index.php?rest_route=%2Fwp%2Fv2%2Fcategories&post=4084"},{"taxonomy":"post_tag","embeddable":true,"href":"https:\/\/noticiasregionais.com.br\/index.php?rest_route=%2Fwp%2Fv2%2Ftags&post=4084"}],"curies":[{"name":"wp","href":"https:\/\/api.w.org\/{rel}","templated":true}]}}