{"id":4088,"date":"2025-01-21T12:30:33","date_gmt":"2025-01-21T15:30:33","guid":{"rendered":"https:\/\/noticiasregionais.com.br\/?p=4088"},"modified":"2025-01-21T12:30:35","modified_gmt":"2025-01-21T15:30:35","slug":"cavalaria-do-baep-captura-evadido-do-sistema-prisional-e-apreende-drogas-durante-acao","status":"publish","type":"post","link":"https:\/\/noticiasregionais.com.br\/?p=4088","title":{"rendered":"Cavalaria do BAEP captura evadido do sistema prisional e apreende drogas durante a\u00e7\u00e3o"},"content":{"rendered":"\n<p>Na tarde de ontem (20), por volta das 12h50, a equipe de Cavalaria do 13\u00ba BAEP (Batalh\u00e3o de A\u00e7\u00f5es Especiais de Pol\u00edcia) realizou uma importante a\u00e7\u00e3o contra o tr\u00e1fico de drogas e prendeu um indiv\u00edduo evadido do sistema prisional na Rua Tiburtino Grillo, em Bauru, no interior de S\u00e3o Paulo.<\/p>\n\n\n\n<p>Durante o patrulhamento, os policiais avistaram dois suspeitos em atitude considerada suspeita, sentados em um colch\u00e3o. Um dos indiv\u00edduos fugiu a p\u00e9 em dire\u00e7\u00e3o a uma \u00e1rea de mata ao perceber a aproxima\u00e7\u00e3o da equipe, enquanto o outro, uma adolescente, foi abordado no local. Durante a revista, os agentes encontraram duas embalagens contendo 18 por\u00e7\u00f5es de maconha e 19 pedras de crack, todas fracionadas e prontas para comercializa\u00e7\u00e3o.<\/p>\n\n\n\n<p>As buscas na regi\u00e3o resultaram na localiza\u00e7\u00e3o do segundo suspeito, escondido nos fundos de uma casa abandonada. Ele confessou ser o dono das drogas apreendidas e admitiu estar foragido do sistema prisional. Ap\u00f3s consulta, foi confirmado que o homem tinha um mandado de pris\u00e3o em aberto por roubo, previsto no artigo 157 do C\u00f3digo Penal, com uma pena de cinco anos a ser cumprida em regime fechado.<\/p>\n\n\n\n<p>Al\u00e9m disso, com o apoio de um c\u00e3o farejador, a pol\u00edcia localizou mais 26 pedras de crack escondidas na \u00e1rea de mata pr\u00f3xima ao local da abordagem.<\/p>\n\n\n\n<p>Os dois envolvidos foram detidos em flagrante e conduzidos \u00e0 Delegacia de Pol\u00edcia de Bauru, onde permanecem \u00e0 disposi\u00e7\u00e3o da Justi\u00e7a. A a\u00e7\u00e3o refor\u00e7a o compromisso da Pol\u00edcia Militar em combater o tr\u00e1fico de drogas e garantir a seguran\u00e7a da popula\u00e7\u00e3o.<\/p>\n<input type=\"hidden\" id=\"baseurl\" value=\"https:\/\/noticiasregionais.com.br\"><input type=\"hidden\" id=\"audio_nonce\" value=\"533fbb67b1\">","protected":false},"excerpt":{"rendered":"<p>Na tarde de ontem (20), por volta das 12h50, a equipe de Cavalaria do 13\u00ba BAEP (Batalh\u00e3o de A\u00e7\u00f5es Especiais&hellip;<\/p>\n","protected":false},"author":1,"featured_media":4089,"comment_status":"closed","ping_status":"open","sticky":false,"template":"","format":"standard","meta":{"sfsi_plus_gutenberg_text_before_share":"","sfsi_plus_gutenberg_show_text_before_share":"","sfsi_plus_gutenberg_icon_type":"","sfsi_plus_gutenberg_icon_alignemt":"","sfsi_plus_gutenburg_max_per_row":"","footnotes":""},"categories":[6,10,1],"tags":[],"class_list":["post-4088","post","type-post","status-publish","format-standard","has-post-thumbnail","hentry","category-sao_paulo","category-destaques","category-noticias"],"_links":{"self":[{"href":"https:\/\/noticiasregionais.com.br\/index.php?rest_route=\/wp\/v2\/posts\/4088","targetHints":{"allow":["GET"]}}],"collection":[{"href":"https:\/\/noticiasregionais.com.br\/index.php?rest_route=\/wp\/v2\/posts"}],"about":[{"href":"https:\/\/noticiasregionais.com.br\/index.php?rest_route=\/wp\/v2\/types\/post"}],"author":[{"embeddable":true,"href":"https:\/\/noticiasregionais.com.br\/index.php?rest_route=\/wp\/v2\/users\/1"}],"replies":[{"embeddable":true,"href":"https:\/\/noticiasregionais.com.br\/index.php?rest_route=%2Fwp%2Fv2%2Fcomments&post=4088"}],"version-history":[{"count":1,"href":"https:\/\/noticiasregionais.com.br\/index.php?rest_route=\/wp\/v2\/posts\/4088\/revisions"}],"predecessor-version":[{"id":4090,"href":"https:\/\/noticiasregionais.com.br\/index.php?rest_route=\/wp\/v2\/posts\/4088\/revisions\/4090"}],"wp:featuredmedia":[{"embeddable":true,"href":"https:\/\/noticiasregionais.com.br\/index.php?rest_route=\/wp\/v2\/media\/4089"}],"wp:attachment":[{"href":"https:\/\/noticiasregionais.com.br\/index.php?rest_route=%2Fwp%2Fv2%2Fmedia&parent=4088"}],"wp:term":[{"taxonomy":"category","embeddable":true,"href":"https:\/\/noticiasregionais.com.br\/index.php?rest_route=%2Fwp%2Fv2%2Fcategories&post=4088"},{"taxonomy":"post_tag","embeddable":true,"href":"https:\/\/noticiasregionais.com.br\/index.php?rest_route=%2Fwp%2Fv2%2Ftags&post=4088"}],"curies":[{"name":"wp","href":"https:\/\/api.w.org\/{rel}","templated":true}]}}