{"id":409,"date":"2023-09-17T10:34:22","date_gmt":"2023-09-17T13:34:22","guid":{"rendered":"https:\/\/noticiasregionais.com.br\/?p=409"},"modified":"2023-09-17T10:34:22","modified_gmt":"2023-09-17T13:34:22","slug":"um-dos-criminosos-mais-procurados-do-brasil-e-preso-pela-pf-em-sp","status":"publish","type":"post","link":"https:\/\/noticiasregionais.com.br\/?p=409","title":{"rendered":"Um dos criminosos mais procurados do Brasil \u00e9 preso pela PF em SP"},"content":{"rendered":"\n<p class=\"has-text-align-center\">Ele foi acusado homic\u00eddio qualificado, porte de arma de uso restrito, roubo com emprego de arma de fogo, tr\u00e1fico de drogas e outros crimes.<\/p>\n\n\n\n<p>Gilcimar da Silva, um dos criminosos mais procurados do Brasil, foi preso em S\u00e3o Paulo. Ele \u00e9 mais conhecido como Casc\u00e3o, Castor e Tiririca e foi detido na noite desta sexta-feira (15) em uma opera\u00e7\u00e3o conjunta da Pol\u00edcia Federal com o FICCO (Grupo de Capturas da For\u00e7a Integrada de Combate ao Crime Organizado) de Governador Valadares (MG). Ele vivia em SP utilizando uma identidade falsa.<\/p>\n\n\n\n<p>As condena\u00e7\u00f5es dele ultrapassam 73 anos de pris\u00e3o. Ele foi acusado de crimes como homic\u00eddio qualificado, porte de arma de uso restrito, roubo com emprego de arma de fogo, restri\u00e7\u00e3o de liberdade das v\u00edtimas em assaltos a bancos, associa\u00e7\u00e3o criminosa armada e tr\u00e1fico de drogas.<\/p>\n\n\n\n<p>Contra ele, existiam mais de 30 mandados de pris\u00e3o preventiva em aberto. Gilcimar \u00e9 conhecido por ter liderado dezenas de assaltos a ag\u00eancias banc\u00e1rias em todo o Brasil, de acordo com a Pol\u00edcia Federal.<\/p>\n\n\n\n<p>Ele j\u00e1 fugiu de penitenci\u00e1rias tr\u00eas vezes. Sua \u00faltima fuga ocorreu em dezembro de 2018, no Complexo Penitenci\u00e1rio Nelson Hungria, em Contagem, na regi\u00e3o Metropolitana de Belo Horizonte. Segundo a PF, a fuga foi poss\u00edvel &#8220;devido o envolvimento com uma associa\u00e7\u00e3o criminosa conhecida nacionalmente&#8221;. Antes disso, ele fugiu durante uma transfer\u00eancia. O detento alegou ter parentes no Piau\u00ed e solicitou transfer\u00eancia para cumprimento de pena naquele estado. Durante o procedimento, ele teria escapado mediante suborno a policiais.<\/p>\n\n\n\n<p>Em uma das pris\u00f5es anteriores, foi capturado em um condom\u00ednio de luxo. No local, a pol\u00edcia tamb\u00e9m apreendeu tr\u00eas fuzis M-16, uma escopeta, dinheiro e cinco celulares. Tamb\u00e9m foi confirmado que ele utilizava ao menos duas identidades falsas, vivendo normalmente sob uma delas com um CPF criado para tal fim.<\/p>\n\n\n\n<p><sub>fonte: Sampi \/ Folhapress<\/sub><\/p>\n<input type=\"hidden\" id=\"baseurl\" value=\"https:\/\/noticiasregionais.com.br\"><input type=\"hidden\" id=\"audio_nonce\" value=\"533fbb67b1\">","protected":false},"excerpt":{"rendered":"<p>Ele foi acusado homic\u00eddio qualificado, porte de arma de uso restrito, roubo com emprego de arma de fogo, tr\u00e1fico de&hellip;<\/p>\n","protected":false},"author":1,"featured_media":410,"comment_status":"closed","ping_status":"open","sticky":false,"template":"","format":"standard","meta":{"sfsi_plus_gutenberg_text_before_share":"","sfsi_plus_gutenberg_show_text_before_share":"","sfsi_plus_gutenberg_icon_type":"","sfsi_plus_gutenberg_icon_alignemt":"","sfsi_plus_gutenburg_max_per_row":"","footnotes":""},"categories":[12,1,6],"tags":[],"class_list":["post-409","post","type-post","status-publish","format-standard","has-post-thumbnail","hentry","category-capa","category-noticias","category-sao_paulo"],"_links":{"self":[{"href":"https:\/\/noticiasregionais.com.br\/index.php?rest_route=\/wp\/v2\/posts\/409","targetHints":{"allow":["GET"]}}],"collection":[{"href":"https:\/\/noticiasregionais.com.br\/index.php?rest_route=\/wp\/v2\/posts"}],"about":[{"href":"https:\/\/noticiasregionais.com.br\/index.php?rest_route=\/wp\/v2\/types\/post"}],"author":[{"embeddable":true,"href":"https:\/\/noticiasregionais.com.br\/index.php?rest_route=\/wp\/v2\/users\/1"}],"replies":[{"embeddable":true,"href":"https:\/\/noticiasregionais.com.br\/index.php?rest_route=%2Fwp%2Fv2%2Fcomments&post=409"}],"version-history":[{"count":1,"href":"https:\/\/noticiasregionais.com.br\/index.php?rest_route=\/wp\/v2\/posts\/409\/revisions"}],"predecessor-version":[{"id":411,"href":"https:\/\/noticiasregionais.com.br\/index.php?rest_route=\/wp\/v2\/posts\/409\/revisions\/411"}],"wp:featuredmedia":[{"embeddable":true,"href":"https:\/\/noticiasregionais.com.br\/index.php?rest_route=\/wp\/v2\/media\/410"}],"wp:attachment":[{"href":"https:\/\/noticiasregionais.com.br\/index.php?rest_route=%2Fwp%2Fv2%2Fmedia&parent=409"}],"wp:term":[{"taxonomy":"category","embeddable":true,"href":"https:\/\/noticiasregionais.com.br\/index.php?rest_route=%2Fwp%2Fv2%2Fcategories&post=409"},{"taxonomy":"post_tag","embeddable":true,"href":"https:\/\/noticiasregionais.com.br\/index.php?rest_route=%2Fwp%2Fv2%2Ftags&post=409"}],"curies":[{"name":"wp","href":"https:\/\/api.w.org\/{rel}","templated":true}]}}