{"id":4096,"date":"2025-01-21T13:13:47","date_gmt":"2025-01-21T16:13:47","guid":{"rendered":"https:\/\/noticiasregionais.com.br\/?p=4096"},"modified":"2025-01-21T13:13:51","modified_gmt":"2025-01-21T16:13:51","slug":"campanha-de-solidariedade-em-salto-grande-doe-mochilas-e-transforme-vidas","status":"publish","type":"post","link":"https:\/\/noticiasregionais.com.br\/?p=4096","title":{"rendered":"Campanha de solidariedade em Salto Grande: Doe mochilas e transforme vidas!"},"content":{"rendered":"\n<p>Com o in\u00edcio do ano letivo se aproximando, o Fundo Social de Solidariedade de Salto Grande deu in\u00edcio a uma importante iniciativa para ajudar fam\u00edlias em situa\u00e7\u00e3o de vulnerabilidade: a Campanha de Arrecada\u00e7\u00e3o de Mochilas Escolares. A a\u00e7\u00e3o busca mobilizar a comunidade em torno de um gesto de solidariedade que pode impactar diretamente a vida de muitas crian\u00e7as.<\/p>\n\n\n\n<p>A proposta \u00e9 simples, mas repleta de significado: incentivar a doa\u00e7\u00e3o de mochilas em bom estado, sejam elas novas ou usadas, para garantir que mais alunos iniciem suas aulas com dignidade, alegria e a motiva\u00e7\u00e3o que uma mochila nova pode proporcionar.<\/p>\n\n\n\n<p><strong>Como Participar?<\/strong><\/p>\n\n\n\n<p>A participa\u00e7\u00e3o na campanha \u00e9 f\u00e1cil e acess\u00edvel a todos que queiram contribuir. Basta doar uma mochila em bom estado no ponto de coleta indicado:<\/p>\n\n\n\n<ul class=\"wp-block-list\">\n<li><strong>Local:<\/strong> Departamento Municipal de Assist\u00eancia e Desenvolvimento Social<\/li>\n\n\n\n<li><strong>Endere\u00e7o:<\/strong> Avenida Bar\u00e3o do Rio Branco, 426<\/li>\n\n\n\n<li><strong>Hor\u00e1rios:<\/strong> Das 8h \u00e0s 11h e das 13h \u00e0s 16h<\/li>\n<\/ul>\n\n\n\n<p><strong>Por Que Participar?<\/strong><\/p>\n\n\n\n<p>Muitas fam\u00edlias enfrentam dificuldades para adquirir o material escolar necess\u00e1rio, especialmente mochilas, que s\u00e3o itens essenciais para transportar os materiais do dia a dia escolar. Ao doar, cada cidad\u00e3o de Salto Grande tem a oportunidade de ajudar a reduzir as desigualdades e oferecer a crian\u00e7as e jovens a chance de come\u00e7ar o ano letivo com mais autoestima e entusiasmo.<\/p>\n\n\n\n<p><strong>Solidariedade que Transforma<\/strong><\/p>\n\n\n\n<p>A campanha refor\u00e7a a import\u00e2ncia da uni\u00e3o comunit\u00e1ria em prol de um futuro melhor para as pr\u00f3ximas gera\u00e7\u00f5es. Pequenos gestos podem ter grandes impactos, e a doa\u00e7\u00e3o de uma mochila pode representar um ato de amor e esperan\u00e7a para quem recebe.<\/p>\n\n\n\n<p>O Fundo Social de Solidariedade convida toda a popula\u00e7\u00e3o de Salto Grande a fazer parte dessa corrente do bem. N\u00e3o perca a oportunidade de contribuir para que mais crian\u00e7as tenham um ano escolar digno e cheio de novas oportunidades.<\/p>\n\n\n\n<p><strong>Juntos, podemos transformar vidas. Participe e fa\u00e7a a diferen\u00e7a!<\/strong><\/p>\n\n\n\n<p>#CampanhaDeSolidariedade #DoeMochilas #Educa\u00e7\u00e3oParaTodos<\/p>\n<input type=\"hidden\" id=\"baseurl\" value=\"https:\/\/noticiasregionais.com.br\"><input type=\"hidden\" id=\"audio_nonce\" value=\"533fbb67b1\">","protected":false},"excerpt":{"rendered":"<p>Com o in\u00edcio do ano letivo se aproximando, o Fundo Social de Solidariedade de Salto Grande deu in\u00edcio a uma&hellip;<\/p>\n","protected":false},"author":1,"featured_media":4097,"comment_status":"closed","ping_status":"open","sticky":false,"template":"","format":"standard","meta":{"sfsi_plus_gutenberg_text_before_share":"","sfsi_plus_gutenberg_show_text_before_share":"","sfsi_plus_gutenberg_icon_type":"","sfsi_plus_gutenberg_icon_alignemt":"","sfsi_plus_gutenburg_max_per_row":"","footnotes":""},"categories":[6,10,5],"tags":[],"class_list":["post-4096","post","type-post","status-publish","format-standard","has-post-thumbnail","hentry","category-sao_paulo","category-destaques","category-ourinhos"],"_links":{"self":[{"href":"https:\/\/noticiasregionais.com.br\/index.php?rest_route=\/wp\/v2\/posts\/4096","targetHints":{"allow":["GET"]}}],"collection":[{"href":"https:\/\/noticiasregionais.com.br\/index.php?rest_route=\/wp\/v2\/posts"}],"about":[{"href":"https:\/\/noticiasregionais.com.br\/index.php?rest_route=\/wp\/v2\/types\/post"}],"author":[{"embeddable":true,"href":"https:\/\/noticiasregionais.com.br\/index.php?rest_route=\/wp\/v2\/users\/1"}],"replies":[{"embeddable":true,"href":"https:\/\/noticiasregionais.com.br\/index.php?rest_route=%2Fwp%2Fv2%2Fcomments&post=4096"}],"version-history":[{"count":1,"href":"https:\/\/noticiasregionais.com.br\/index.php?rest_route=\/wp\/v2\/posts\/4096\/revisions"}],"predecessor-version":[{"id":4098,"href":"https:\/\/noticiasregionais.com.br\/index.php?rest_route=\/wp\/v2\/posts\/4096\/revisions\/4098"}],"wp:featuredmedia":[{"embeddable":true,"href":"https:\/\/noticiasregionais.com.br\/index.php?rest_route=\/wp\/v2\/media\/4097"}],"wp:attachment":[{"href":"https:\/\/noticiasregionais.com.br\/index.php?rest_route=%2Fwp%2Fv2%2Fmedia&parent=4096"}],"wp:term":[{"taxonomy":"category","embeddable":true,"href":"https:\/\/noticiasregionais.com.br\/index.php?rest_route=%2Fwp%2Fv2%2Fcategories&post=4096"},{"taxonomy":"post_tag","embeddable":true,"href":"https:\/\/noticiasregionais.com.br\/index.php?rest_route=%2Fwp%2Fv2%2Ftags&post=4096"}],"curies":[{"name":"wp","href":"https:\/\/api.w.org\/{rel}","templated":true}]}}