{"id":4099,"date":"2025-01-22T08:37:37","date_gmt":"2025-01-22T11:37:37","guid":{"rendered":"https:\/\/noticiasregionais.com.br\/?p=4099"},"modified":"2025-01-22T15:06:12","modified_gmt":"2025-01-22T18:06:12","slug":"prefeito-de-ourinhos-encontra-representantes-da-concessionaria-triunfo-transbrasiliana","status":"publish","type":"post","link":"https:\/\/noticiasregionais.com.br\/?p=4099","title":{"rendered":"Prefeito de Ourinhos encontra representantes da concession\u00e1ria Triunfo Transbrasiliana"},"content":{"rendered":"\n<p>Na segunda-feira (20), o prefeito de Ourinhos, Guilherme Gon\u00e7alves, esteve reunido com a equipe da concession\u00e1ria Triunfo Transbrasiliana, respons\u00e1vel pela gest\u00e3o do trecho paulista da BR-153, que atravessa o munic\u00edpio. O encontro contou tamb\u00e9m com a presen\u00e7a da Secret\u00e1ria Municipal de Desenvolvimento Urbano, Mobilidade e Licenciamento, Anna Carolina Ribeiro, e do vice-prefeito Alexandre Z\u00f3io.<\/p>\n\n\n\n<p>Durante a reuni\u00e3o, foram apresentados pela concession\u00e1ria detalhes sobre suas opera\u00e7\u00f5es e planejamentos futuros para a rodovia. Entre os t\u00f3picos discutidos, destacaram-se projetos voltados \u00e0 sustentabilidade ambiental e \u00e0 seguran\u00e7a no tr\u00e2nsito, com vistas ao desenvolvimento de parcerias que possam beneficiar o munic\u00edpio e seus moradores.<\/p>\n\n\n\n<p>Representando a Triunfo Transbrasiliana, participaram o Diretor Presidente Paulo Hanke, o Diretor Administrativo Financeiro Jos\u00e9 Garcia Neto e a Gerente de Comunica\u00e7\u00e3o e Sustentabilidade Pricilla Ratto. As discuss\u00f5es abriram caminho para um di\u00e1logo promissor entre a prefeitura e a concession\u00e1ria, com o objetivo de impulsionar melhorias na infraestrutura e ampliar a seguran\u00e7a dos usu\u00e1rios da rodovia.<\/p>\n\n\n\n<p>Sobre a Triunfo Transbrasiliana<\/p>\n\n\n\n<p>Desde janeiro de 2015, a Triunfo Transbrasiliana administra o trecho paulista da BR-153, que se estende por 321,6 quil\u00f4metros e abrange 22 munic\u00edpios entre Ic\u00e9m e Ourinhos. Ao longo desse per\u00edodo, a concession\u00e1ria realizou importantes investimentos, contribuindo para a gera\u00e7\u00e3o de empregos e o fortalecimento econ\u00f4mico nas cidades ao longo da rodovia.<\/p>\n\n\n\n<p>Com suas atividades reguladas pela Ag\u00eancia Nacional de Transportes Terrestres (ANTT), a empresa tem implementado iniciativas ambientais para preservar as \u00e1reas pr\u00f3ximas \u00e0 estrada e promovido campanhas de conscientiza\u00e7\u00e3o sobre seguran\u00e7a vi\u00e1ria. Entre os temas abordados est\u00e3o os riscos de dirigir alcoolizado, o uso de dispositivos m\u00f3veis ao volante e a import\u00e2ncia do descarte respons\u00e1vel de res\u00edduos nas rodovias.<\/p>\n\n\n\n<p>A parceria em discuss\u00e3o entre a administra\u00e7\u00e3o municipal de Ourinhos e a Triunfo Transbrasiliana promete gerar avan\u00e7os significativos para a regi\u00e3o, com foco no bem-estar da popula\u00e7\u00e3o e na preserva\u00e7\u00e3o do meio ambiente.<\/p>\n<input type=\"hidden\" id=\"baseurl\" value=\"https:\/\/noticiasregionais.com.br\"><input type=\"hidden\" id=\"audio_nonce\" value=\"d7ad76df66\">","protected":false},"excerpt":{"rendered":"<p>Na segunda-feira (20), o prefeito de Ourinhos, Guilherme Gon\u00e7alves, esteve reunido com a equipe da concession\u00e1ria Triunfo Transbrasiliana, respons\u00e1vel pela&hellip;<\/p>\n","protected":false},"author":1,"featured_media":4100,"comment_status":"closed","ping_status":"open","sticky":false,"template":"","format":"standard","meta":{"sfsi_plus_gutenberg_text_before_share":"","sfsi_plus_gutenberg_show_text_before_share":"","sfsi_plus_gutenberg_icon_type":"","sfsi_plus_gutenberg_icon_alignemt":"","sfsi_plus_gutenburg_max_per_row":"","footnotes":""},"categories":[5,10,1],"tags":[],"class_list":["post-4099","post","type-post","status-publish","format-standard","has-post-thumbnail","hentry","category-ourinhos","category-destaques","category-noticias"],"_links":{"self":[{"href":"https:\/\/noticiasregionais.com.br\/index.php?rest_route=\/wp\/v2\/posts\/4099","targetHints":{"allow":["GET"]}}],"collection":[{"href":"https:\/\/noticiasregionais.com.br\/index.php?rest_route=\/wp\/v2\/posts"}],"about":[{"href":"https:\/\/noticiasregionais.com.br\/index.php?rest_route=\/wp\/v2\/types\/post"}],"author":[{"embeddable":true,"href":"https:\/\/noticiasregionais.com.br\/index.php?rest_route=\/wp\/v2\/users\/1"}],"replies":[{"embeddable":true,"href":"https:\/\/noticiasregionais.com.br\/index.php?rest_route=%2Fwp%2Fv2%2Fcomments&post=4099"}],"version-history":[{"count":1,"href":"https:\/\/noticiasregionais.com.br\/index.php?rest_route=\/wp\/v2\/posts\/4099\/revisions"}],"predecessor-version":[{"id":4101,"href":"https:\/\/noticiasregionais.com.br\/index.php?rest_route=\/wp\/v2\/posts\/4099\/revisions\/4101"}],"wp:featuredmedia":[{"embeddable":true,"href":"https:\/\/noticiasregionais.com.br\/index.php?rest_route=\/wp\/v2\/media\/4100"}],"wp:attachment":[{"href":"https:\/\/noticiasregionais.com.br\/index.php?rest_route=%2Fwp%2Fv2%2Fmedia&parent=4099"}],"wp:term":[{"taxonomy":"category","embeddable":true,"href":"https:\/\/noticiasregionais.com.br\/index.php?rest_route=%2Fwp%2Fv2%2Fcategories&post=4099"},{"taxonomy":"post_tag","embeddable":true,"href":"https:\/\/noticiasregionais.com.br\/index.php?rest_route=%2Fwp%2Fv2%2Ftags&post=4099"}],"curies":[{"name":"wp","href":"https:\/\/api.w.org\/{rel}","templated":true}]}}