{"id":4110,"date":"2025-01-22T15:05:05","date_gmt":"2025-01-22T18:05:05","guid":{"rendered":"https:\/\/noticiasregionais.com.br\/?p=4110"},"modified":"2025-01-23T10:25:00","modified_gmt":"2025-01-23T13:25:00","slug":"prefeitura-busca-formas-de-melhorar-comunicacao-com-a-populacao","status":"publish","type":"post","link":"https:\/\/noticiasregionais.com.br\/?p=4110","title":{"rendered":"Prefeitura busca formas de aprimorar comunica\u00e7\u00e3o com a popula\u00e7\u00e3o"},"content":{"rendered":"\n<p class=\"has-text-align-center\"><strong>Vice-Prefeito Alexandre Zoio se re\u00fane com Secret\u00e1ria de Comunica\u00e7\u00e3o<\/strong><\/p>\n\n\n\n<p>Na manh\u00e3 desta quarta (22), o vice-prefeito Alexandre Zoio e a secret\u00e1ria de comunica\u00e7\u00e3o Carolina Galan se reuniram para discutir a import\u00e2ncia da comunica\u00e7\u00e3o no fortalecimento das a\u00e7\u00f5es da Prefeitura.<br><br>A comunica\u00e7\u00e3o \u00e9 a ponte que conecta a gest\u00e3o p\u00fablica \u00e0 popula\u00e7\u00e3o, garantindo transpar\u00eancia, acessibilidade e maior engajamento nas iniciativas que fazem a diferen\u00e7a no dia a dia de todos. Por meio de uma comunica\u00e7\u00e3o eficiente e estrat\u00e9gica, conseguimos levar informa\u00e7\u00f5es claras e construir uma rela\u00e7\u00e3o de confian\u00e7a com os mun\u00edcipes.<br><br>Estamos trabalhando juntos para que cada mensagem alcance voc\u00ea de forma direta, objetiva e sempre com prop\u00f3sito.<\/p>\n\n\n\n<p><\/p>\n<input type=\"hidden\" id=\"baseurl\" value=\"https:\/\/noticiasregionais.com.br\"><input type=\"hidden\" id=\"audio_nonce\" value=\"533fbb67b1\">","protected":false},"excerpt":{"rendered":"<p>Vice-Prefeito Alexandre Zoio se re\u00fane com Secret\u00e1ria de Comunica\u00e7\u00e3o Na manh\u00e3 desta quarta (22), o vice-prefeito Alexandre Zoio e a&hellip;<\/p>\n","protected":false},"author":1,"featured_media":4109,"comment_status":"closed","ping_status":"open","sticky":false,"template":"","format":"standard","meta":{"sfsi_plus_gutenberg_text_before_share":"","sfsi_plus_gutenberg_show_text_before_share":"","sfsi_plus_gutenberg_icon_type":"","sfsi_plus_gutenberg_icon_alignemt":"","sfsi_plus_gutenburg_max_per_row":"","footnotes":""},"categories":[1,12,5],"tags":[],"class_list":["post-4110","post","type-post","status-publish","format-standard","has-post-thumbnail","hentry","category-noticias","category-capa","category-ourinhos"],"_links":{"self":[{"href":"https:\/\/noticiasregionais.com.br\/index.php?rest_route=\/wp\/v2\/posts\/4110","targetHints":{"allow":["GET"]}}],"collection":[{"href":"https:\/\/noticiasregionais.com.br\/index.php?rest_route=\/wp\/v2\/posts"}],"about":[{"href":"https:\/\/noticiasregionais.com.br\/index.php?rest_route=\/wp\/v2\/types\/post"}],"author":[{"embeddable":true,"href":"https:\/\/noticiasregionais.com.br\/index.php?rest_route=\/wp\/v2\/users\/1"}],"replies":[{"embeddable":true,"href":"https:\/\/noticiasregionais.com.br\/index.php?rest_route=%2Fwp%2Fv2%2Fcomments&post=4110"}],"version-history":[{"count":2,"href":"https:\/\/noticiasregionais.com.br\/index.php?rest_route=\/wp\/v2\/posts\/4110\/revisions"}],"predecessor-version":[{"id":4128,"href":"https:\/\/noticiasregionais.com.br\/index.php?rest_route=\/wp\/v2\/posts\/4110\/revisions\/4128"}],"wp:featuredmedia":[{"embeddable":true,"href":"https:\/\/noticiasregionais.com.br\/index.php?rest_route=\/wp\/v2\/media\/4109"}],"wp:attachment":[{"href":"https:\/\/noticiasregionais.com.br\/index.php?rest_route=%2Fwp%2Fv2%2Fmedia&parent=4110"}],"wp:term":[{"taxonomy":"category","embeddable":true,"href":"https:\/\/noticiasregionais.com.br\/index.php?rest_route=%2Fwp%2Fv2%2Fcategories&post=4110"},{"taxonomy":"post_tag","embeddable":true,"href":"https:\/\/noticiasregionais.com.br\/index.php?rest_route=%2Fwp%2Fv2%2Ftags&post=4110"}],"curies":[{"name":"wp","href":"https:\/\/api.w.org\/{rel}","templated":true}]}}