{"id":4112,"date":"2025-01-23T09:20:12","date_gmt":"2025-01-23T12:20:12","guid":{"rendered":"https:\/\/noticiasregionais.com.br\/?p=4112"},"modified":"2025-01-23T09:20:15","modified_gmt":"2025-01-23T12:20:15","slug":"inss-atualiza-beneficios-em-2025-veja-novos-valores-e-calendario-de-pagamentos","status":"publish","type":"post","link":"https:\/\/noticiasregionais.com.br\/?p=4112","title":{"rendered":"INSS atualiza benef\u00edcios em 2025: veja novos valores e calend\u00e1rio de pagamentos"},"content":{"rendered":"\n<p>Aposentados e pensionistas do Instituto Nacional do Seguro Social (INSS) j\u00e1 podem comemorar! Os benef\u00edcios tiveram um reajuste em 2025, acompanhando a atualiza\u00e7\u00e3o do sal\u00e1rio m\u00ednimo. A partir de 27 de janeiro, os dep\u00f3sitos come\u00e7am a ser realizados.<\/p>\n\n\n\n<p><strong>Calend\u00e1rio de pagamentos<\/strong><\/p>\n\n\n\n<p>A data do cr\u00e9dito depende do n\u00famero final do cart\u00e3o do benef\u00edcio. Quem recebe at\u00e9 um sal\u00e1rio m\u00ednimo ter\u00e1 o dep\u00f3sito entre os dias 27 de janeiro e 7 de fevereiro. Para valores acima do m\u00ednimo, os pagamentos iniciam em 3 de fevereiro.<\/p>\n\n\n\n<p>Para consultar o calend\u00e1rio completo e outras informa\u00e7\u00f5es sobre seu benef\u00edcio, utilize os canais oficiais do INSS:<\/p>\n\n\n\n<ul class=\"wp-block-list\">\n<li><strong>Meu INSS:<\/strong> Acesse o site ou aplicativo para verificar extratos e detalhes do pagamento.<\/li>\n\n\n\n<li><strong>Central 135:<\/strong> Tire suas d\u00favidas por telefone, informando seus dados cadastrais.<\/li>\n<\/ul>\n\n\n\n<p><strong>Novos valores dos benef\u00edcios<\/strong><\/p>\n\n\n\n<p>Com o reajuste de 4,77%, o valor m\u00ednimo dos benef\u00edcios, como aposentadorias, aux\u00edlios-doen\u00e7a e pens\u00f5es por morte, passa a ser de R$ 1.518. J\u00e1 o teto dos benef\u00edcios previdenci\u00e1rios foi elevado para R$ 8.157,41.<\/p>\n\n\n\n<p>\u00c9 importante ressaltar que o Benef\u00edcio de Presta\u00e7\u00e3o Continuada (BPC) tamb\u00e9m foi reajustado, passando a ser de R$ 1.518.<\/p>\n\n\n\n<p><strong>Contribui\u00e7\u00f5es da Previd\u00eancia Social<\/strong><\/p>\n\n\n\n<p>As contribui\u00e7\u00f5es previdenci\u00e1rias tamb\u00e9m foram atualizadas. As novas al\u00edquotas s\u00e3o aplicadas sobre os sal\u00e1rios de janeiro e devem ser recolhidas em fevereiro. Confira a tabela:<\/p>\n\n\n\n<ul class=\"wp-block-list\">\n<li>At\u00e9 R$ 1.518,00: 7,5%<\/li>\n\n\n\n<li>De R$ 1.518,01 a R$ 2.793,88: 9%<\/li>\n\n\n\n<li>De R$ 2.793,89 a R$ 4.190,83: 12%<\/li>\n\n\n\n<li>De R$ 4.190,84 a R$ 8.157,41: 14%<\/li>\n<\/ul>\n\n\n\n<p><strong>Onde encontrar mais informa\u00e7\u00f5es<\/strong><\/p>\n\n\n\n<p>Para obter mais detalhes sobre o reajuste dos benef\u00edcios e as novas regras, consulte o site oficial do INSS ou entre em contato com a central de atendimento.<\/p>\n<input type=\"hidden\" id=\"baseurl\" value=\"https:\/\/noticiasregionais.com.br\"><input type=\"hidden\" id=\"audio_nonce\" value=\"533fbb67b1\">","protected":false},"excerpt":{"rendered":"<p>Aposentados e pensionistas do Instituto Nacional do Seguro Social (INSS) j\u00e1 podem comemorar! Os benef\u00edcios tiveram um reajuste em 2025,&hellip;<\/p>\n","protected":false},"author":1,"featured_media":4113,"comment_status":"closed","ping_status":"open","sticky":false,"template":"","format":"standard","meta":{"sfsi_plus_gutenberg_text_before_share":"","sfsi_plus_gutenberg_show_text_before_share":"","sfsi_plus_gutenberg_icon_type":"","sfsi_plus_gutenberg_icon_alignemt":"","sfsi_plus_gutenburg_max_per_row":"","footnotes":""},"categories":[8,10,1],"tags":[],"class_list":["post-4112","post","type-post","status-publish","format-standard","has-post-thumbnail","hentry","category-brasil","category-destaques","category-noticias"],"_links":{"self":[{"href":"https:\/\/noticiasregionais.com.br\/index.php?rest_route=\/wp\/v2\/posts\/4112","targetHints":{"allow":["GET"]}}],"collection":[{"href":"https:\/\/noticiasregionais.com.br\/index.php?rest_route=\/wp\/v2\/posts"}],"about":[{"href":"https:\/\/noticiasregionais.com.br\/index.php?rest_route=\/wp\/v2\/types\/post"}],"author":[{"embeddable":true,"href":"https:\/\/noticiasregionais.com.br\/index.php?rest_route=\/wp\/v2\/users\/1"}],"replies":[{"embeddable":true,"href":"https:\/\/noticiasregionais.com.br\/index.php?rest_route=%2Fwp%2Fv2%2Fcomments&post=4112"}],"version-history":[{"count":1,"href":"https:\/\/noticiasregionais.com.br\/index.php?rest_route=\/wp\/v2\/posts\/4112\/revisions"}],"predecessor-version":[{"id":4114,"href":"https:\/\/noticiasregionais.com.br\/index.php?rest_route=\/wp\/v2\/posts\/4112\/revisions\/4114"}],"wp:featuredmedia":[{"embeddable":true,"href":"https:\/\/noticiasregionais.com.br\/index.php?rest_route=\/wp\/v2\/media\/4113"}],"wp:attachment":[{"href":"https:\/\/noticiasregionais.com.br\/index.php?rest_route=%2Fwp%2Fv2%2Fmedia&parent=4112"}],"wp:term":[{"taxonomy":"category","embeddable":true,"href":"https:\/\/noticiasregionais.com.br\/index.php?rest_route=%2Fwp%2Fv2%2Fcategories&post=4112"},{"taxonomy":"post_tag","embeddable":true,"href":"https:\/\/noticiasregionais.com.br\/index.php?rest_route=%2Fwp%2Fv2%2Ftags&post=4112"}],"curies":[{"name":"wp","href":"https:\/\/api.w.org\/{rel}","templated":true}]}}