{"id":4118,"date":"2025-01-23T09:59:23","date_gmt":"2025-01-23T12:59:23","guid":{"rendered":"https:\/\/noticiasregionais.com.br\/?p=4118"},"modified":"2025-01-23T09:59:26","modified_gmt":"2025-01-23T12:59:26","slug":"parque-ecologico-biologa-tania-mara-em-ourinhos-segue-recebendo-cuidados-e-atencao","status":"publish","type":"post","link":"https:\/\/noticiasregionais.com.br\/?p=4118","title":{"rendered":"Parque Ecol\u00f3gico Bi\u00f3loga T\u00e2nia Mara em Ourinhos segue recebendo cuidados e aten\u00e7\u00e3o"},"content":{"rendered":"\n<p>O Parque Ecol\u00f3gico Bi\u00f3loga T\u00e2nia Mara Netto Silva, um dos principais ref\u00fagios naturais de Ourinhos, continua recebendo aten\u00e7\u00e3o especial da Prefeitura. Atrav\u00e9s da Secretaria do Meio Ambiente, a administra\u00e7\u00e3o municipal intensifica a\u00e7\u00f5es para garantir a preserva\u00e7\u00e3o desse importante patrim\u00f4nio ambiental.<\/p>\n\n\n\n<p><strong>Um lar cuidado para a fauna e flora<\/strong><\/p>\n\n\n\n<p>Recentemente, o parque passou por uma limpeza completa de trilhas e \u00e1reas comuns. Todo o material recolhido foi destinado \u00e0 destina\u00e7\u00e3o correta, contribuindo para a sustentabilidade do munic\u00edpio. Al\u00e9m disso, a equipe respons\u00e1vel pela manuten\u00e7\u00e3o do parque realiza a alimenta\u00e7\u00e3o di\u00e1ria dos animais residentes, como macacos-prego, jabutis e til\u00e1pias, com uma dieta balanceada e variada.<\/p>\n\n\n\n<p><strong>Um pulm\u00e3o verde para a cidade<\/strong><\/p>\n\n\n\n<p>Com cerca de 122 mil m\u00b2 de Mata Atl\u00e2ntica preservada, o parque abriga uma rica biodiversidade, incluindo esp\u00e9cies nativas como o Pau d\u2019alho e o Jaracati\u00e1, s\u00edmbolo de Ourinhos. O espa\u00e7o tamb\u00e9m \u00e9 um ref\u00fagio para diversas esp\u00e9cies de aves e animais, oferecendo aos visitantes a oportunidade de observar a natureza de perto.<\/p>\n\n\n\n<p><strong>Bem-estar e conserva\u00e7\u00e3o ambiental<\/strong><\/p>\n\n\n\n<p>As a\u00e7\u00f5es de limpeza e conserva\u00e7\u00e3o do parque v\u00e3o al\u00e9m da preserva\u00e7\u00e3o ambiental. Elas contribuem para a preven\u00e7\u00e3o de doen\u00e7as como a dengue, combatendo os focos do mosquito Aedes aegypti. Al\u00e9m disso, o parque se tornou um ponto de encontro para a comunidade, oferecendo um espa\u00e7o para atividades f\u00edsicas, lazer e contato com a natureza.<\/p>\n\n\n\n<p><strong>Compromisso com a sustentabilidade<\/strong><\/p>\n\n\n\n<p>A Prefeitura de Ourinhos reafirma seu compromisso com a sustentabilidade e o bem-estar da popula\u00e7\u00e3o, investindo na preserva\u00e7\u00e3o do Parque Ecol\u00f3gico Bi\u00f3loga T\u00e2nia Mara Netto Silva. O objetivo \u00e9 proporcionar um ambiente saud\u00e1vel e agrad\u00e1vel para todos, garantindo a qualidade de vida das presentes e futuras gera\u00e7\u00f5es.<\/p>\n\n\n\n<figure class=\"wp-block-gallery has-nested-images columns-default is-cropped wp-block-gallery-1 is-layout-flex wp-block-gallery-is-layout-flex\">\n<figure class=\"wp-block-image size-large\"><img decoding=\"async\" width=\"768\" height=\"1024\" data-id=\"4119\" src=\"https:\/\/noticiasregionais.com.br\/wp-content\/uploads\/2025\/01\/WhatsApp-Image-2025-01-22-at-17.07.242-768x1024.jpeg\" alt=\"\" class=\"wp-image-4119\" srcset=\"https:\/\/noticiasregionais.com.br\/wp-content\/uploads\/2025\/01\/WhatsApp-Image-2025-01-22-at-17.07.242-768x1024.jpeg 768w, https:\/\/noticiasregionais.com.br\/wp-content\/uploads\/2025\/01\/WhatsApp-Image-2025-01-22-at-17.07.242-225x300.jpeg 225w, https:\/\/noticiasregionais.com.br\/wp-content\/uploads\/2025\/01\/WhatsApp-Image-2025-01-22-at-17.07.242.jpeg 960w\" sizes=\"(max-width: 768px) 100vw, 768px\" \/><\/figure>\n\n\n\n<figure class=\"wp-block-image size-large\"><img decoding=\"async\" width=\"1024\" height=\"768\" data-id=\"4120\" src=\"https:\/\/noticiasregionais.com.br\/wp-content\/uploads\/2025\/01\/WhatsApp-Image-2025-01-22-at-17.07.241-1024x768.jpeg\" alt=\"\" class=\"wp-image-4120\" srcset=\"https:\/\/noticiasregionais.com.br\/wp-content\/uploads\/2025\/01\/WhatsApp-Image-2025-01-22-at-17.07.241-1024x768.jpeg 1024w, https:\/\/noticiasregionais.com.br\/wp-content\/uploads\/2025\/01\/WhatsApp-Image-2025-01-22-at-17.07.241-300x225.jpeg 300w, https:\/\/noticiasregionais.com.br\/wp-content\/uploads\/2025\/01\/WhatsApp-Image-2025-01-22-at-17.07.241-768x576.jpeg 768w, https:\/\/noticiasregionais.com.br\/wp-content\/uploads\/2025\/01\/WhatsApp-Image-2025-01-22-at-17.07.241.jpeg 1280w\" sizes=\"(max-width: 1024px) 100vw, 1024px\" \/><\/figure>\n\n\n\n<figure class=\"wp-block-image size-large\"><img decoding=\"async\" width=\"768\" height=\"1024\" data-id=\"4122\" src=\"https:\/\/noticiasregionais.com.br\/wp-content\/uploads\/2025\/01\/WhatsApp-Image-2025-01-22-at-17.07.24-768x1024.jpeg\" alt=\"\" class=\"wp-image-4122\" srcset=\"https:\/\/noticiasregionais.com.br\/wp-content\/uploads\/2025\/01\/WhatsApp-Image-2025-01-22-at-17.07.24-768x1024.jpeg 768w, https:\/\/noticiasregionais.com.br\/wp-content\/uploads\/2025\/01\/WhatsApp-Image-2025-01-22-at-17.07.24-225x300.jpeg 225w, https:\/\/noticiasregionais.com.br\/wp-content\/uploads\/2025\/01\/WhatsApp-Image-2025-01-22-at-17.07.24-1152x1536.jpeg 1152w, https:\/\/noticiasregionais.com.br\/wp-content\/uploads\/2025\/01\/WhatsApp-Image-2025-01-22-at-17.07.24.jpeg 1200w\" sizes=\"(max-width: 768px) 100vw, 768px\" \/><\/figure>\n<\/figure>\n<input type=\"hidden\" id=\"baseurl\" value=\"https:\/\/noticiasregionais.com.br\"><input type=\"hidden\" id=\"audio_nonce\" value=\"533fbb67b1\">","protected":false},"excerpt":{"rendered":"<p>O Parque Ecol\u00f3gico Bi\u00f3loga T\u00e2nia Mara Netto Silva, um dos principais ref\u00fagios naturais de Ourinhos, continua recebendo aten\u00e7\u00e3o especial da&hellip;<\/p>\n","protected":false},"author":1,"featured_media":4123,"comment_status":"closed","ping_status":"open","sticky":false,"template":"","format":"standard","meta":{"sfsi_plus_gutenberg_text_before_share":"","sfsi_plus_gutenberg_show_text_before_share":"","sfsi_plus_gutenberg_icon_type":"","sfsi_plus_gutenberg_icon_alignemt":"","sfsi_plus_gutenburg_max_per_row":"","footnotes":""},"categories":[5,10,1],"tags":[],"class_list":["post-4118","post","type-post","status-publish","format-standard","has-post-thumbnail","hentry","category-ourinhos","category-destaques","category-noticias"],"_links":{"self":[{"href":"https:\/\/noticiasregionais.com.br\/index.php?rest_route=\/wp\/v2\/posts\/4118","targetHints":{"allow":["GET"]}}],"collection":[{"href":"https:\/\/noticiasregionais.com.br\/index.php?rest_route=\/wp\/v2\/posts"}],"about":[{"href":"https:\/\/noticiasregionais.com.br\/index.php?rest_route=\/wp\/v2\/types\/post"}],"author":[{"embeddable":true,"href":"https:\/\/noticiasregionais.com.br\/index.php?rest_route=\/wp\/v2\/users\/1"}],"replies":[{"embeddable":true,"href":"https:\/\/noticiasregionais.com.br\/index.php?rest_route=%2Fwp%2Fv2%2Fcomments&post=4118"}],"version-history":[{"count":1,"href":"https:\/\/noticiasregionais.com.br\/index.php?rest_route=\/wp\/v2\/posts\/4118\/revisions"}],"predecessor-version":[{"id":4124,"href":"https:\/\/noticiasregionais.com.br\/index.php?rest_route=\/wp\/v2\/posts\/4118\/revisions\/4124"}],"wp:featuredmedia":[{"embeddable":true,"href":"https:\/\/noticiasregionais.com.br\/index.php?rest_route=\/wp\/v2\/media\/4123"}],"wp:attachment":[{"href":"https:\/\/noticiasregionais.com.br\/index.php?rest_route=%2Fwp%2Fv2%2Fmedia&parent=4118"}],"wp:term":[{"taxonomy":"category","embeddable":true,"href":"https:\/\/noticiasregionais.com.br\/index.php?rest_route=%2Fwp%2Fv2%2Fcategories&post=4118"},{"taxonomy":"post_tag","embeddable":true,"href":"https:\/\/noticiasregionais.com.br\/index.php?rest_route=%2Fwp%2Fv2%2Ftags&post=4118"}],"curies":[{"name":"wp","href":"https:\/\/api.w.org\/{rel}","templated":true}]}}