{"id":412,"date":"2023-09-17T10:44:03","date_gmt":"2023-09-17T13:44:03","guid":{"rendered":"https:\/\/noticiasregionais.com.br\/?p=412"},"modified":"2023-09-17T10:44:03","modified_gmt":"2023-09-17T13:44:03","slug":"forca-tatica-prende-individuo-por-trafico-de-drogas-em-ourinhos","status":"publish","type":"post","link":"https:\/\/noticiasregionais.com.br\/?p=412","title":{"rendered":"For\u00e7a T\u00e1tica prende indiv\u00edduo por tr\u00e1fico de drogas em Ourinhos"},"content":{"rendered":"\n<p>Uma equipe de For\u00e7a T\u00e1tica do 31\u00ba Batalh\u00e3o de Pol\u00edcia Militar do Interior (BPMI) prendeu, na tarde de Sexta (15), um indiv\u00edduo por tr\u00e1fico de drogas no Bairro Vila Recreio, na cidade de Ourinhos.<\/p>\n\n\n\n<p>De acordo com a pol\u00edcia, a equipe realizava patrulhamento t\u00e1tico na regi\u00e3o quando visualizou um indiv\u00edduo entregando algo para outra pessoa. Em abordagem, foi localizado entorpecente com o indiv\u00edduo, que foi preso em flagrante.<\/p>\n\n\n\n<p>Ap\u00f3s dilig\u00eancias na resid\u00eancia do indiv\u00edduo, mais drogas foram localizadas. No total, foram apreendidos 22 gramas de crack e 2 gramas de maconha.<\/p>\n\n\n\n<p>O indiv\u00edduo foi apresentado na Central de Pol\u00edcia Judici\u00e1ria de Ourinhos, onde permaneceu preso.<\/p>\n\n\n\n<p><strong>Mulher indiciada por porte de drogas<\/strong><\/p>\n\n\n\n<p>Al\u00e9m do indiv\u00edduo preso por tr\u00e1fico, uma mulher tamb\u00e9m foi indiciada por porte de drogas. Ela estava com a outra pessoa que recebeu entorpecente do indiv\u00edduo preso.<\/p>\n\n\n\n<p>A mulher foi liberada ap\u00f3s prestar depoimento na Central de Pol\u00edcia Judici\u00e1ria de Ourinhos.<\/p>\n\n\n\n<p>A pol\u00edcia segue investigando o caso para identificar outros envolvidos.<\/p>\n\n\n\n<p><sub>com informa\u00e7\u00f5es da Pol\u00edcia Militar SP<\/sub><\/p>\n<input type=\"hidden\" id=\"baseurl\" value=\"https:\/\/noticiasregionais.com.br\"><input type=\"hidden\" id=\"audio_nonce\" value=\"533fbb67b1\">","protected":false},"excerpt":{"rendered":"<p>Uma equipe de For\u00e7a T\u00e1tica do 31\u00ba Batalh\u00e3o de Pol\u00edcia Militar do Interior (BPMI) prendeu, na tarde de Sexta (15),&hellip;<\/p>\n","protected":false},"author":1,"featured_media":413,"comment_status":"closed","ping_status":"open","sticky":false,"template":"","format":"standard","meta":{"sfsi_plus_gutenberg_text_before_share":"","sfsi_plus_gutenberg_show_text_before_share":"","sfsi_plus_gutenberg_icon_type":"","sfsi_plus_gutenberg_icon_alignemt":"","sfsi_plus_gutenburg_max_per_row":"","footnotes":""},"categories":[5,10,1],"tags":[],"class_list":["post-412","post","type-post","status-publish","format-standard","has-post-thumbnail","hentry","category-ourinhos","category-destaques","category-noticias"],"_links":{"self":[{"href":"https:\/\/noticiasregionais.com.br\/index.php?rest_route=\/wp\/v2\/posts\/412","targetHints":{"allow":["GET"]}}],"collection":[{"href":"https:\/\/noticiasregionais.com.br\/index.php?rest_route=\/wp\/v2\/posts"}],"about":[{"href":"https:\/\/noticiasregionais.com.br\/index.php?rest_route=\/wp\/v2\/types\/post"}],"author":[{"embeddable":true,"href":"https:\/\/noticiasregionais.com.br\/index.php?rest_route=\/wp\/v2\/users\/1"}],"replies":[{"embeddable":true,"href":"https:\/\/noticiasregionais.com.br\/index.php?rest_route=%2Fwp%2Fv2%2Fcomments&post=412"}],"version-history":[{"count":1,"href":"https:\/\/noticiasregionais.com.br\/index.php?rest_route=\/wp\/v2\/posts\/412\/revisions"}],"predecessor-version":[{"id":414,"href":"https:\/\/noticiasregionais.com.br\/index.php?rest_route=\/wp\/v2\/posts\/412\/revisions\/414"}],"wp:featuredmedia":[{"embeddable":true,"href":"https:\/\/noticiasregionais.com.br\/index.php?rest_route=\/wp\/v2\/media\/413"}],"wp:attachment":[{"href":"https:\/\/noticiasregionais.com.br\/index.php?rest_route=%2Fwp%2Fv2%2Fmedia&parent=412"}],"wp:term":[{"taxonomy":"category","embeddable":true,"href":"https:\/\/noticiasregionais.com.br\/index.php?rest_route=%2Fwp%2Fv2%2Fcategories&post=412"},{"taxonomy":"post_tag","embeddable":true,"href":"https:\/\/noticiasregionais.com.br\/index.php?rest_route=%2Fwp%2Fv2%2Ftags&post=412"}],"curies":[{"name":"wp","href":"https:\/\/api.w.org\/{rel}","templated":true}]}}