{"id":4125,"date":"2025-01-23T10:24:02","date_gmt":"2025-01-23T13:24:02","guid":{"rendered":"https:\/\/noticiasregionais.com.br\/?p=4125"},"modified":"2025-01-23T10:24:05","modified_gmt":"2025-01-23T13:24:05","slug":"prf-de-londrina-registra-sucesso-no-combate-ao-crime-e-intensifica-acoes-na-regiao","status":"publish","type":"post","link":"https:\/\/noticiasregionais.com.br\/?p=4125","title":{"rendered":"PRF de Londrina registra sucesso no combate ao crime e intensifica a\u00e7\u00f5es na regi\u00e3o"},"content":{"rendered":"\n<p>A Pol\u00edcia Rodovi\u00e1ria Federal (PRF) divulgou nesta quarta-feira (20\/11) os resultados de suas opera\u00e7\u00f5es em 2024, apresentando n\u00fameros expressivos tanto no combate ao crime quanto na fiscaliza\u00e7\u00e3o do tr\u00e2nsito nas rodovias federais da regi\u00e3o de Londrina.<\/p>\n\n\n\n<p><strong>Sucesso no combate ao tr\u00e1fico de drogas<\/strong><\/p>\n\n\n\n<p>Um dos destaques do ano foi a intensifica\u00e7\u00e3o do combate ao tr\u00e1fico de drogas. A PRF de Londrina registrou um aumento significativo na apreens\u00e3o de entorpecentes, com mais de 65 toneladas de drogas retiradas de circula\u00e7\u00e3o, representando mais de 20% do total apreendido em todo o Paran\u00e1. Esse resultado demonstra a efic\u00e1cia das a\u00e7\u00f5es da PRF no combate ao crime organizado e na prote\u00e7\u00e3o da sociedade.<\/p>\n\n\n\n<p><strong>Fiscaliza\u00e7\u00e3o intensificada e resultados positivos<\/strong><\/p>\n\n\n\n<p>Apesar do aumento no n\u00famero de sinistros com v\u00edtimas, a PRF intensificou as a\u00e7\u00f5es de fiscaliza\u00e7\u00e3o e educa\u00e7\u00e3o para o tr\u00e2nsito, obtendo resultados positivos em diversas \u00e1reas. A fiscaliza\u00e7\u00e3o de ve\u00edculos e condutores resultou em uma redu\u00e7\u00e3o significativa de infra\u00e7\u00f5es como excesso de velocidade e dire\u00e7\u00e3o sob o efeito de \u00e1lcool. Al\u00e9m disso, a PRF realizou diversas opera\u00e7\u00f5es para coibir a criminalidade nas rodovias, como roubos e furtos de ve\u00edculos.<\/p>\n\n\n\n<p><strong>Parceria com a comunidade<\/strong><\/p>\n\n\n\n<p>A PRF tem trabalhado em parceria com outras institui\u00e7\u00f5es e com a comunidade para promover a seguran\u00e7a nas rodovias. Atrav\u00e9s de campanhas educativas, palestras e a\u00e7\u00f5es sociais, a PRF busca conscientizar a popula\u00e7\u00e3o sobre a import\u00e2ncia de adotar comportamentos seguros no tr\u00e2nsito.<\/p>\n\n\n\n<p><strong>Perspectivas para o futuro<\/strong><\/p>\n\n\n\n<p>Para 2025, a PRF planeja intensificar ainda mais suas a\u00e7\u00f5es, com foco na preven\u00e7\u00e3o de acidentes, no combate ao crime organizado e na melhoria da fluidez do tr\u00e1fego. A corpora\u00e7\u00e3o investir\u00e1 em novas tecnologias, como drones e radares m\u00f3veis, para aumentar a efici\u00eancia das opera\u00e7\u00f5es.<\/p>\n\n\n<div class=\"wp-block-image\">\n<figure class=\"aligncenter size-full\"><img decoding=\"async\" width=\"520\" height=\"593\" src=\"https:\/\/noticiasregionais.com.br\/wp-content\/uploads\/2025\/01\/WhatsApp-Image-2025-01-22-at-19.58.56.jpeg\" alt=\"\" class=\"wp-image-4126\" srcset=\"https:\/\/noticiasregionais.com.br\/wp-content\/uploads\/2025\/01\/WhatsApp-Image-2025-01-22-at-19.58.56.jpeg 520w, https:\/\/noticiasregionais.com.br\/wp-content\/uploads\/2025\/01\/WhatsApp-Image-2025-01-22-at-19.58.56-263x300.jpeg 263w\" sizes=\"(max-width: 520px) 100vw, 520px\" \/><\/figure>\n<\/div><input type=\"hidden\" id=\"baseurl\" value=\"https:\/\/noticiasregionais.com.br\"><input type=\"hidden\" id=\"audio_nonce\" value=\"533fbb67b1\">","protected":false},"excerpt":{"rendered":"<p>A Pol\u00edcia Rodovi\u00e1ria Federal (PRF) divulgou nesta quarta-feira (20\/11) os resultados de suas opera\u00e7\u00f5es em 2024, apresentando n\u00fameros expressivos tanto&hellip;<\/p>\n","protected":false},"author":1,"featured_media":3997,"comment_status":"closed","ping_status":"open","sticky":false,"template":"","format":"standard","meta":{"sfsi_plus_gutenberg_text_before_share":"","sfsi_plus_gutenberg_show_text_before_share":"","sfsi_plus_gutenberg_icon_type":"","sfsi_plus_gutenberg_icon_alignemt":"","sfsi_plus_gutenburg_max_per_row":"","footnotes":""},"categories":[7,10,1],"tags":[],"class_list":["post-4125","post","type-post","status-publish","format-standard","has-post-thumbnail","hentry","category-parana","category-destaques","category-noticias"],"_links":{"self":[{"href":"https:\/\/noticiasregionais.com.br\/index.php?rest_route=\/wp\/v2\/posts\/4125","targetHints":{"allow":["GET"]}}],"collection":[{"href":"https:\/\/noticiasregionais.com.br\/index.php?rest_route=\/wp\/v2\/posts"}],"about":[{"href":"https:\/\/noticiasregionais.com.br\/index.php?rest_route=\/wp\/v2\/types\/post"}],"author":[{"embeddable":true,"href":"https:\/\/noticiasregionais.com.br\/index.php?rest_route=\/wp\/v2\/users\/1"}],"replies":[{"embeddable":true,"href":"https:\/\/noticiasregionais.com.br\/index.php?rest_route=%2Fwp%2Fv2%2Fcomments&post=4125"}],"version-history":[{"count":1,"href":"https:\/\/noticiasregionais.com.br\/index.php?rest_route=\/wp\/v2\/posts\/4125\/revisions"}],"predecessor-version":[{"id":4127,"href":"https:\/\/noticiasregionais.com.br\/index.php?rest_route=\/wp\/v2\/posts\/4125\/revisions\/4127"}],"wp:featuredmedia":[{"embeddable":true,"href":"https:\/\/noticiasregionais.com.br\/index.php?rest_route=\/wp\/v2\/media\/3997"}],"wp:attachment":[{"href":"https:\/\/noticiasregionais.com.br\/index.php?rest_route=%2Fwp%2Fv2%2Fmedia&parent=4125"}],"wp:term":[{"taxonomy":"category","embeddable":true,"href":"https:\/\/noticiasregionais.com.br\/index.php?rest_route=%2Fwp%2Fv2%2Fcategories&post=4125"},{"taxonomy":"post_tag","embeddable":true,"href":"https:\/\/noticiasregionais.com.br\/index.php?rest_route=%2Fwp%2Fv2%2Ftags&post=4125"}],"curies":[{"name":"wp","href":"https:\/\/api.w.org\/{rel}","templated":true}]}}