{"id":4129,"date":"2025-01-23T10:38:10","date_gmt":"2025-01-23T13:38:10","guid":{"rendered":"https:\/\/noticiasregionais.com.br\/?p=4129"},"modified":"2025-01-23T10:38:13","modified_gmt":"2025-01-23T13:38:13","slug":"salto-grande-investe-em-educacao-tecnologica-e-oferece-aulas-de-robotica-para-alunos","status":"publish","type":"post","link":"https:\/\/noticiasregionais.com.br\/?p=4129","title":{"rendered":"Salto Grande investe em educa\u00e7\u00e3o tecnol\u00f3gica e oferece aulas de rob\u00f3tica para alunos"},"content":{"rendered":"\n<p>A cidade de Salto Grande est\u00e1 dando um grande passo rumo ao futuro da educa\u00e7\u00e3o! Em parceria com o SESI-SP, a Prefeitura Municipal ir\u00e1 oferecer aulas de rob\u00f3tica para os estudantes dos 3\u00ba, 4\u00ba e 5\u00ba anos do Ensino Fundamental das escolas municipais.<\/p>\n\n\n\n<p>A iniciativa tem como objetivo principal estimular o desenvolvimento de habilidades essenciais para o s\u00e9culo XXI, como o pensamento cient\u00edfico, cr\u00edtico e criativo. Al\u00e9m disso, as aulas de rob\u00f3tica tamb\u00e9m visam:<\/p>\n\n\n\n<ul class=\"wp-block-list\">\n<li><strong>Desenvolver o pensamento computacional:<\/strong> Atrav\u00e9s da l\u00f3gica de programa\u00e7\u00e3o, os alunos aprender\u00e3o a resolver problemas de forma mais eficiente e organizada.<\/li>\n\n\n\n<li><strong>Fomentar a cultura maker:<\/strong> Os estudantes ter\u00e3o a oportunidade de criar seus pr\u00f3prios projetos e colocar em pr\u00e1tica suas ideias, estimulando a autonomia e a inova\u00e7\u00e3o.<\/li>\n\n\n\n<li><strong>Promover o trabalho em equipe:<\/strong> As atividades em grupo incentivar\u00e3o a colabora\u00e7\u00e3o, o respeito e a empatia entre os alunos.<\/li>\n<\/ul>\n\n\n\n<p>Com essa iniciativa, a Prefeitura de Salto Grande demonstra seu compromisso em oferecer uma educa\u00e7\u00e3o de qualidade e preparar os alunos para os desafios do futuro. Ao unir educa\u00e7\u00e3o e tecnologia, a cidade est\u00e1 investindo no desenvolvimento integral dos estudantes, proporcionando-lhes um aprendizado mais din\u00e2mico e engajador.<\/p>\n\n\n<div class=\"wp-block-image\">\n<figure class=\"aligncenter size-large\"><img decoding=\"async\" width=\"1024\" height=\"1024\" src=\"https:\/\/noticiasregionais.com.br\/wp-content\/uploads\/2025\/01\/WhatsApp-Image-2025-01-22-at-16.16.56-1-1024x1024.jpeg\" alt=\"\" class=\"wp-image-4132\" srcset=\"https:\/\/noticiasregionais.com.br\/wp-content\/uploads\/2025\/01\/WhatsApp-Image-2025-01-22-at-16.16.56-1-1024x1024.jpeg 1024w, https:\/\/noticiasregionais.com.br\/wp-content\/uploads\/2025\/01\/WhatsApp-Image-2025-01-22-at-16.16.56-1-300x300.jpeg 300w, https:\/\/noticiasregionais.com.br\/wp-content\/uploads\/2025\/01\/WhatsApp-Image-2025-01-22-at-16.16.56-1-150x150.jpeg 150w, https:\/\/noticiasregionais.com.br\/wp-content\/uploads\/2025\/01\/WhatsApp-Image-2025-01-22-at-16.16.56-1-768x768.jpeg 768w, https:\/\/noticiasregionais.com.br\/wp-content\/uploads\/2025\/01\/WhatsApp-Image-2025-01-22-at-16.16.56-1.jpeg 1300w\" sizes=\"(max-width: 1024px) 100vw, 1024px\" \/><\/figure>\n<\/div><input type=\"hidden\" id=\"baseurl\" value=\"https:\/\/noticiasregionais.com.br\"><input type=\"hidden\" id=\"audio_nonce\" value=\"533fbb67b1\">","protected":false},"excerpt":{"rendered":"<p>A cidade de Salto Grande est\u00e1 dando um grande passo rumo ao futuro da educa\u00e7\u00e3o! Em parceria com o SESI-SP,&hellip;<\/p>\n","protected":false},"author":1,"featured_media":4131,"comment_status":"closed","ping_status":"open","sticky":false,"template":"","format":"standard","meta":{"sfsi_plus_gutenberg_text_before_share":"","sfsi_plus_gutenberg_show_text_before_share":"","sfsi_plus_gutenberg_icon_type":"","sfsi_plus_gutenberg_icon_alignemt":"","sfsi_plus_gutenburg_max_per_row":"","footnotes":""},"categories":[6,12,1],"tags":[],"class_list":["post-4129","post","type-post","status-publish","format-standard","has-post-thumbnail","hentry","category-sao_paulo","category-capa","category-noticias"],"_links":{"self":[{"href":"https:\/\/noticiasregionais.com.br\/index.php?rest_route=\/wp\/v2\/posts\/4129","targetHints":{"allow":["GET"]}}],"collection":[{"href":"https:\/\/noticiasregionais.com.br\/index.php?rest_route=\/wp\/v2\/posts"}],"about":[{"href":"https:\/\/noticiasregionais.com.br\/index.php?rest_route=\/wp\/v2\/types\/post"}],"author":[{"embeddable":true,"href":"https:\/\/noticiasregionais.com.br\/index.php?rest_route=\/wp\/v2\/users\/1"}],"replies":[{"embeddable":true,"href":"https:\/\/noticiasregionais.com.br\/index.php?rest_route=%2Fwp%2Fv2%2Fcomments&post=4129"}],"version-history":[{"count":1,"href":"https:\/\/noticiasregionais.com.br\/index.php?rest_route=\/wp\/v2\/posts\/4129\/revisions"}],"predecessor-version":[{"id":4133,"href":"https:\/\/noticiasregionais.com.br\/index.php?rest_route=\/wp\/v2\/posts\/4129\/revisions\/4133"}],"wp:featuredmedia":[{"embeddable":true,"href":"https:\/\/noticiasregionais.com.br\/index.php?rest_route=\/wp\/v2\/media\/4131"}],"wp:attachment":[{"href":"https:\/\/noticiasregionais.com.br\/index.php?rest_route=%2Fwp%2Fv2%2Fmedia&parent=4129"}],"wp:term":[{"taxonomy":"category","embeddable":true,"href":"https:\/\/noticiasregionais.com.br\/index.php?rest_route=%2Fwp%2Fv2%2Fcategories&post=4129"},{"taxonomy":"post_tag","embeddable":true,"href":"https:\/\/noticiasregionais.com.br\/index.php?rest_route=%2Fwp%2Fv2%2Ftags&post=4129"}],"curies":[{"name":"wp","href":"https:\/\/api.w.org\/{rel}","templated":true}]}}