{"id":4134,"date":"2025-01-24T08:00:45","date_gmt":"2025-01-24T11:00:45","guid":{"rendered":"https:\/\/noticiasregionais.com.br\/?p=4134"},"modified":"2025-01-24T08:02:03","modified_gmt":"2025-01-24T11:02:03","slug":"sindicato-dos-servidores-se-reune-com-a-prefeitura-de-chavantes","status":"publish","type":"post","link":"https:\/\/noticiasregionais.com.br\/?p=4134","title":{"rendered":"Sindicato dos Servidores se re\u00fane com a Prefeitura de Chavantes"},"content":{"rendered":"\n<p class=\"has-text-align-center\"><strong>Reuni\u00e3o marca o inicio das negocia\u00e7\u00f5es da campanha salarial 2025 na cidade<\/strong><\/p>\n\n\n\n<p>Na manh\u00e3 de hoje, o presidente do Sindicato dos Servidores P\u00fablicos Municipais e Aut\u00e1rquicos de Ourinhos e Regi\u00e3o (SINSERPO), Edinilson Ribeiro, conhecido como Bigu\u00e1, esteve em Chavantes para um encontro com o Prefeito Filipe Jacinto, dando in\u00edcio \u00e0s negocia\u00e7\u00f5es da Campanha Salarial 2025.<\/p>\n\n\n\n<p>Chavantes foi pioneira na regi\u00e3o ao agendar a primeira reuni\u00e3o. \u201cEntregamos as pautas de reivindica\u00e7\u00f5es em todos os munic\u00edpios abrangidos pelo Sindicato, e Chavantes foi o primeiro a abrir as discuss\u00f5es. Iniciamos as conversas de forma muito positiva\u201d, afirmou Bigu\u00e1.<\/p>\n\n\n\n<p>A reuni\u00e3o contou com a participa\u00e7\u00e3o do Prefeito Filipe e sua equipe de gest\u00e3o. \u201cQuando h\u00e1 interesse pol\u00edtico e di\u00e1logo, todos saem beneficiados, especialmente os servidores. Apresentamos as demandas da categoria e agora aguardamos uma contraproposta da administra\u00e7\u00e3o. Estamos confiantes de que teremos avan\u00e7os significativos\u201d, destacou o presidente do Sindicato.<\/p>\n\n\n\n<p>Bigu\u00e1 tamb\u00e9m refor\u00e7ou a expectativa em rela\u00e7\u00e3o aos demais munic\u00edpios da regi\u00e3o. \u201cNossa miss\u00e3o \u00e9 lutar diariamente pelos direitos dos servidores, buscando garantir condi\u00e7\u00f5es dignas de trabalho. Este \u00e9 um momento decisivo para conquistar melhorias, e o Sindicato permanece \u00e0 disposi\u00e7\u00e3o de todas as Prefeituras para avan\u00e7armos nas negocia\u00e7\u00f5es coletivas\u201d, concluiu.<\/p>\n<input type=\"hidden\" id=\"baseurl\" value=\"https:\/\/noticiasregionais.com.br\"><input type=\"hidden\" id=\"audio_nonce\" value=\"533fbb67b1\">","protected":false},"excerpt":{"rendered":"<p>Reuni\u00e3o marca o inicio das negocia\u00e7\u00f5es da campanha salarial 2025 na cidade Na manh\u00e3 de hoje, o presidente do Sindicato&hellip;<\/p>\n","protected":false},"author":1,"featured_media":4137,"comment_status":"closed","ping_status":"open","sticky":false,"template":"","format":"standard","meta":{"sfsi_plus_gutenberg_text_before_share":"","sfsi_plus_gutenberg_show_text_before_share":"","sfsi_plus_gutenberg_icon_type":"","sfsi_plus_gutenberg_icon_alignemt":"","sfsi_plus_gutenburg_max_per_row":"","footnotes":""},"categories":[6,10,1],"tags":[],"class_list":["post-4134","post","type-post","status-publish","format-standard","has-post-thumbnail","hentry","category-sao_paulo","category-destaques","category-noticias"],"_links":{"self":[{"href":"https:\/\/noticiasregionais.com.br\/index.php?rest_route=\/wp\/v2\/posts\/4134","targetHints":{"allow":["GET"]}}],"collection":[{"href":"https:\/\/noticiasregionais.com.br\/index.php?rest_route=\/wp\/v2\/posts"}],"about":[{"href":"https:\/\/noticiasregionais.com.br\/index.php?rest_route=\/wp\/v2\/types\/post"}],"author":[{"embeddable":true,"href":"https:\/\/noticiasregionais.com.br\/index.php?rest_route=\/wp\/v2\/users\/1"}],"replies":[{"embeddable":true,"href":"https:\/\/noticiasregionais.com.br\/index.php?rest_route=%2Fwp%2Fv2%2Fcomments&post=4134"}],"version-history":[{"count":1,"href":"https:\/\/noticiasregionais.com.br\/index.php?rest_route=\/wp\/v2\/posts\/4134\/revisions"}],"predecessor-version":[{"id":4136,"href":"https:\/\/noticiasregionais.com.br\/index.php?rest_route=\/wp\/v2\/posts\/4134\/revisions\/4136"}],"wp:featuredmedia":[{"embeddable":true,"href":"https:\/\/noticiasregionais.com.br\/index.php?rest_route=\/wp\/v2\/media\/4137"}],"wp:attachment":[{"href":"https:\/\/noticiasregionais.com.br\/index.php?rest_route=%2Fwp%2Fv2%2Fmedia&parent=4134"}],"wp:term":[{"taxonomy":"category","embeddable":true,"href":"https:\/\/noticiasregionais.com.br\/index.php?rest_route=%2Fwp%2Fv2%2Fcategories&post=4134"},{"taxonomy":"post_tag","embeddable":true,"href":"https:\/\/noticiasregionais.com.br\/index.php?rest_route=%2Fwp%2Fv2%2Ftags&post=4134"}],"curies":[{"name":"wp","href":"https:\/\/api.w.org\/{rel}","templated":true}]}}