{"id":4138,"date":"2025-01-24T08:07:17","date_gmt":"2025-01-24T11:07:17","guid":{"rendered":"https:\/\/noticiasregionais.com.br\/?p=4138"},"modified":"2025-01-24T14:53:45","modified_gmt":"2025-01-24T17:53:45","slug":"ourinhos-promove-palestra-sobre-hanseniase-para-agentes-comunitarios-de-saude","status":"publish","type":"post","link":"https:\/\/noticiasregionais.com.br\/?p=4138","title":{"rendered":"Ourinhos promove palestra sobre hansen\u00edase para agentes comunit\u00e1rios de sa\u00fade"},"content":{"rendered":"\n<p class=\"has-text-align-center\"><strong>Capacita\u00e7\u00e3o visa refor\u00e7ar o diagn\u00f3stico precoce e combater o preconceito associado \u00e0 doen\u00e7a<\/strong><\/p>\n\n\n\n<p>Nesta semana, a Secretaria Municipal de Sa\u00fade de Ourinhos organizou uma palestra voltada para agentes comunit\u00e1rios de sa\u00fade, ministrada pelo infectologista Dr. Diogo Reginato. O objetivo do evento foi capacitar os profissionais sobre hansen\u00edase, destacando a relev\u00e2ncia do diagn\u00f3stico precoce e a luta contra o estigma social que ainda envolve a doen\u00e7a.<\/p>\n\n\n\n<p>A hansen\u00edase, conhecida popularmente como lepra, \u00e9 uma enfermidade infecciosa que pode ser tratada e curada quando identificada a tempo, evitando complica\u00e7\u00f5es graves. Durante a capacita\u00e7\u00e3o, foi refor\u00e7ada a import\u00e2ncia do papel dos agentes comunit\u00e1rios, que, ao estarem em contato direto com as fam\u00edlias em suas visitas di\u00e1rias, s\u00e3o fundamentais na identifica\u00e7\u00e3o de poss\u00edveis casos e na dissemina\u00e7\u00e3o de informa\u00e7\u00f5es corretas, ajudando a desconstruir preconceitos e encorajando a procura por atendimento m\u00e9dico.<\/p>\n\n\n\n<p>Entre os temas abordados na palestra, destacaram-se os sinais e sintomas iniciais da hansen\u00edase, as formas de transmiss\u00e3o, o tratamento gratuito disponibilizado pelo Sistema \u00danico de Sa\u00fade (SUS) e as a\u00e7\u00f5es preventivas para reduzir a dissemina\u00e7\u00e3o da doen\u00e7a em Ourinhos.<\/p>\n\n\n\n<p>O secret\u00e1rio municipal de sa\u00fade, Diego Singolani, ressaltou o compromisso da gest\u00e3o com a educa\u00e7\u00e3o continuada dos profissionais da \u00e1rea: \u201cCapacitar nossos agentes \u00e9 um passo essencial para assegurar um atendimento qualificado e humanizado, refletindo diretamente na qualidade de vida da popula\u00e7\u00e3o\u201d.<\/p>\n\n\n\n<p>Essa iniciativa faz parte das a\u00e7\u00f5es do Janeiro Roxo, campanha nacional que visa conscientizar sobre a hansen\u00edase, refor\u00e7ando a import\u00e2ncia do combate ao preconceito e incentivando a busca por tratamento. Ao longo do m\u00eas, outras atividades educativas e preventivas ser\u00e3o promovidas pela Secretaria de Sa\u00fade, com o objetivo de reduzir os \u00edndices da doen\u00e7a no munic\u00edpio e promover o bem-estar dos moradores.<\/p>\n\n\n\n<p>O Janeiro Roxo destaca a import\u00e2ncia de se falar sobre hansen\u00edase, uma doen\u00e7a que, apesar de cercada por tabus, tem cura e tratamento quando diagnosticada precocemente.<\/p>\n\n\n\n<p><\/p>\n<input type=\"hidden\" id=\"baseurl\" value=\"https:\/\/noticiasregionais.com.br\"><input type=\"hidden\" id=\"audio_nonce\" value=\"533fbb67b1\">","protected":false},"excerpt":{"rendered":"<p>Capacita\u00e7\u00e3o visa refor\u00e7ar o diagn\u00f3stico precoce e combater o preconceito associado \u00e0 doen\u00e7a Nesta semana, a Secretaria Municipal de Sa\u00fade&hellip;<\/p>\n","protected":false},"author":1,"featured_media":4139,"comment_status":"closed","ping_status":"open","sticky":false,"template":"","format":"standard","meta":{"sfsi_plus_gutenberg_text_before_share":"","sfsi_plus_gutenberg_show_text_before_share":"","sfsi_plus_gutenberg_icon_type":"","sfsi_plus_gutenberg_icon_alignemt":"","sfsi_plus_gutenburg_max_per_row":"","footnotes":""},"categories":[5,10,1],"tags":[],"class_list":["post-4138","post","type-post","status-publish","format-standard","has-post-thumbnail","hentry","category-ourinhos","category-destaques","category-noticias"],"_links":{"self":[{"href":"https:\/\/noticiasregionais.com.br\/index.php?rest_route=\/wp\/v2\/posts\/4138","targetHints":{"allow":["GET"]}}],"collection":[{"href":"https:\/\/noticiasregionais.com.br\/index.php?rest_route=\/wp\/v2\/posts"}],"about":[{"href":"https:\/\/noticiasregionais.com.br\/index.php?rest_route=\/wp\/v2\/types\/post"}],"author":[{"embeddable":true,"href":"https:\/\/noticiasregionais.com.br\/index.php?rest_route=\/wp\/v2\/users\/1"}],"replies":[{"embeddable":true,"href":"https:\/\/noticiasregionais.com.br\/index.php?rest_route=%2Fwp%2Fv2%2Fcomments&post=4138"}],"version-history":[{"count":1,"href":"https:\/\/noticiasregionais.com.br\/index.php?rest_route=\/wp\/v2\/posts\/4138\/revisions"}],"predecessor-version":[{"id":4140,"href":"https:\/\/noticiasregionais.com.br\/index.php?rest_route=\/wp\/v2\/posts\/4138\/revisions\/4140"}],"wp:featuredmedia":[{"embeddable":true,"href":"https:\/\/noticiasregionais.com.br\/index.php?rest_route=\/wp\/v2\/media\/4139"}],"wp:attachment":[{"href":"https:\/\/noticiasregionais.com.br\/index.php?rest_route=%2Fwp%2Fv2%2Fmedia&parent=4138"}],"wp:term":[{"taxonomy":"category","embeddable":true,"href":"https:\/\/noticiasregionais.com.br\/index.php?rest_route=%2Fwp%2Fv2%2Fcategories&post=4138"},{"taxonomy":"post_tag","embeddable":true,"href":"https:\/\/noticiasregionais.com.br\/index.php?rest_route=%2Fwp%2Fv2%2Ftags&post=4138"}],"curies":[{"name":"wp","href":"https:\/\/api.w.org\/{rel}","templated":true}]}}