{"id":4144,"date":"2025-01-24T08:26:47","date_gmt":"2025-01-24T11:26:47","guid":{"rendered":"https:\/\/noticiasregionais.com.br\/?p=4144"},"modified":"2025-01-24T08:26:51","modified_gmt":"2025-01-24T11:26:51","slug":"traficante-e-detido-em-flagrante-durante-acao-do-13o-baep-em-bauru-sp","status":"publish","type":"post","link":"https:\/\/noticiasregionais.com.br\/?p=4144","title":{"rendered":"Traficante \u00e9 detido em flagrante durante a\u00e7\u00e3o do 13\u00ba BAEP em Bauru-SP"},"content":{"rendered":"\n<p>Na noite da \u00faltima quarta-feira (22), por volta das 19h35, uma opera\u00e7\u00e3o conduzida pelo 13\u00ba Batalh\u00e3o de A\u00e7\u00f5es Especiais de Pol\u00edcia (BAEP) resultou na apreens\u00e3o de drogas e na deten\u00e7\u00e3o de um indiv\u00edduo no Jardim Ouro Verde, em Bauru, interior de S\u00e3o Paulo. A a\u00e7\u00e3o ocorreu na Rua Zenzo Kikuti, onde a equipe policial realizava o Patrulhamento de A\u00e7\u00f5es Especiais.<\/p>\n\n\n\n<p>O suspeito, que j\u00e1 possui antecedentes criminais pelo artigo 33 da Lei de Drogas (tr\u00e1fico de drogas), tentou fugir ao notar a aproxima\u00e7\u00e3o policial. No entanto, foi prontamente perseguido e detido pelos agentes. Durante a busca pessoal, foi encontrada uma pochete contendo diversas por\u00e7\u00f5es de entorpecentes.<\/p>\n\n\n\n<p>Em continuidade \u00e0 ocorr\u00eancia, os policiais retornaram ao local onde se iniciou a fuga. O detido indicou o esconderijo do restante das subst\u00e2ncias il\u00edcitas. Foram apreendidos 438 pinos de coca\u00edna, seis pacotes contendo por\u00e7\u00f5es de crack, 14 por\u00e7\u00f5es de maconha e R$ 713 em esp\u00e9cie, valor atribu\u00eddo \u00e0 comercializa\u00e7\u00e3o das drogas.<\/p>\n\n\n\n<p>O suspeito foi conduzido ao Plant\u00e3o Policial de Bauru, onde permaneceu \u00e0 disposi\u00e7\u00e3o da Justi\u00e7a. As drogas apreendidas foram encaminhadas para os procedimentos legais.<\/p>\n\n\n\n<p><strong>Localiza\u00e7\u00e3o e contexto<\/strong><br>Bauru, onde ocorreu a a\u00e7\u00e3o, est\u00e1 localizada a aproximadamente 170 km de Ourinhos, tamb\u00e9m no estado de S\u00e3o Paulo. Enquanto Bauru \u00e9 conhecida como um dos principais centros urbanos do interior paulista, com expressiva atividade comercial e servi\u00e7os, Ourinhos, mais ao sul, destaca-se como um polo regional estrat\u00e9gico e porta de entrada para o Paran\u00e1. As cidades est\u00e3o conectadas por importantes rodovias, que tamb\u00e9m s\u00e3o alvos de opera\u00e7\u00f5es policiais frequentes devido ao tr\u00e1fico de entorpecentes na regi\u00e3o.<\/p>\n\n\n<div class=\"wp-block-image\">\n<figure class=\"aligncenter size-large\"><img decoding=\"async\" width=\"768\" height=\"1024\" src=\"https:\/\/noticiasregionais.com.br\/wp-content\/uploads\/2025\/01\/WhatsApp-Image-2025-01-23-at-11.03.28-768x1024.jpeg\" alt=\"\" class=\"wp-image-4145\" srcset=\"https:\/\/noticiasregionais.com.br\/wp-content\/uploads\/2025\/01\/WhatsApp-Image-2025-01-23-at-11.03.28-768x1024.jpeg 768w, https:\/\/noticiasregionais.com.br\/wp-content\/uploads\/2025\/01\/WhatsApp-Image-2025-01-23-at-11.03.28-225x300.jpeg 225w, https:\/\/noticiasregionais.com.br\/wp-content\/uploads\/2025\/01\/WhatsApp-Image-2025-01-23-at-11.03.28-1152x1536.jpeg 1152w, https:\/\/noticiasregionais.com.br\/wp-content\/uploads\/2025\/01\/WhatsApp-Image-2025-01-23-at-11.03.28.jpeg 1200w\" sizes=\"(max-width: 768px) 100vw, 768px\" \/><\/figure>\n<\/div><input type=\"hidden\" id=\"baseurl\" value=\"https:\/\/noticiasregionais.com.br\"><input type=\"hidden\" id=\"audio_nonce\" value=\"62e6e21d74\">","protected":false},"excerpt":{"rendered":"<p>Na noite da \u00faltima quarta-feira (22), por volta das 19h35, uma opera\u00e7\u00e3o conduzida pelo 13\u00ba Batalh\u00e3o de A\u00e7\u00f5es Especiais de&hellip;<\/p>\n","protected":false},"author":1,"featured_media":4146,"comment_status":"closed","ping_status":"open","sticky":false,"template":"","format":"standard","meta":{"sfsi_plus_gutenberg_text_before_share":"","sfsi_plus_gutenberg_show_text_before_share":"","sfsi_plus_gutenberg_icon_type":"","sfsi_plus_gutenberg_icon_alignemt":"","sfsi_plus_gutenburg_max_per_row":"","footnotes":""},"categories":[6,10,1],"tags":[],"class_list":["post-4144","post","type-post","status-publish","format-standard","has-post-thumbnail","hentry","category-sao_paulo","category-destaques","category-noticias"],"_links":{"self":[{"href":"https:\/\/noticiasregionais.com.br\/index.php?rest_route=\/wp\/v2\/posts\/4144","targetHints":{"allow":["GET"]}}],"collection":[{"href":"https:\/\/noticiasregionais.com.br\/index.php?rest_route=\/wp\/v2\/posts"}],"about":[{"href":"https:\/\/noticiasregionais.com.br\/index.php?rest_route=\/wp\/v2\/types\/post"}],"author":[{"embeddable":true,"href":"https:\/\/noticiasregionais.com.br\/index.php?rest_route=\/wp\/v2\/users\/1"}],"replies":[{"embeddable":true,"href":"https:\/\/noticiasregionais.com.br\/index.php?rest_route=%2Fwp%2Fv2%2Fcomments&post=4144"}],"version-history":[{"count":1,"href":"https:\/\/noticiasregionais.com.br\/index.php?rest_route=\/wp\/v2\/posts\/4144\/revisions"}],"predecessor-version":[{"id":4147,"href":"https:\/\/noticiasregionais.com.br\/index.php?rest_route=\/wp\/v2\/posts\/4144\/revisions\/4147"}],"wp:featuredmedia":[{"embeddable":true,"href":"https:\/\/noticiasregionais.com.br\/index.php?rest_route=\/wp\/v2\/media\/4146"}],"wp:attachment":[{"href":"https:\/\/noticiasregionais.com.br\/index.php?rest_route=%2Fwp%2Fv2%2Fmedia&parent=4144"}],"wp:term":[{"taxonomy":"category","embeddable":true,"href":"https:\/\/noticiasregionais.com.br\/index.php?rest_route=%2Fwp%2Fv2%2Fcategories&post=4144"},{"taxonomy":"post_tag","embeddable":true,"href":"https:\/\/noticiasregionais.com.br\/index.php?rest_route=%2Fwp%2Fv2%2Ftags&post=4144"}],"curies":[{"name":"wp","href":"https:\/\/api.w.org\/{rel}","templated":true}]}}