{"id":4148,"date":"2025-01-24T13:47:09","date_gmt":"2025-01-24T16:47:09","guid":{"rendered":"https:\/\/noticiasregionais.com.br\/?p=4148"},"modified":"2025-01-24T13:47:12","modified_gmt":"2025-01-24T16:47:12","slug":"programa-saude-em-casa-cuidado-e-atencao-no-conforto-do-seu-lar-em-salto-grande","status":"publish","type":"post","link":"https:\/\/noticiasregionais.com.br\/?p=4148","title":{"rendered":"Programa Sa\u00fade em Casa: Cuidado e Aten\u00e7\u00e3o no Conforto do Seu Lar em Salto Grande"},"content":{"rendered":"\n<p>A Prefeitura de Salto Grande, por meio do Departamento Municipal de Sa\u00fade, est\u00e1 promovendo o programa <strong>Sa\u00fade em Casa<\/strong>, que leva atendimento multiprofissional e humanizado diretamente ao domic\u00edlio dos cidad\u00e3os. <\/p>\n\n\n\n<p>A iniciativa \u00e9 voltada para pacientes que se encontram acamados, possuem dificuldades de locomo\u00e7\u00e3o ou enfrentam condi\u00e7\u00f5es de sa\u00fade tempor\u00e1rias que dificultam o deslocamento at\u00e9 as unidades de atendimento. Durante as visitas, uma equipe de profissionais da sa\u00fade \u2013 composta por m\u00e9dico, enfermeiro e agente comunit\u00e1rio de sa\u00fade (ACS) \u2013 realiza avalia\u00e7\u00f5es, acompanhamento e cuidados personalizados, garantindo mais conforto e bem-estar aos pacientes.<\/p>\n\n\n\n<p>O prefeito M\u00e1rio Rosa destacou a relev\u00e2ncia do programa: \u201cNosso compromisso \u00e9 oferecer sa\u00fade e qualidade de vida para todos os moradores de Salto Grande. O programa Sa\u00fade em Casa permite que os cuidados cheguem diretamente \u00e0queles que mais precisam, garantindo dignidade e aten\u00e7\u00e3o especial, tudo no aconchego de seus lares.\u201d<\/p>\n\n\n\n<p>Para solicitar o atendimento domiciliar, entre em contato com a agente comunit\u00e1ria de sa\u00fade da sua \u00e1rea ou com a unidade de sa\u00fade mais pr\u00f3xima.<\/p>\n<input type=\"hidden\" id=\"baseurl\" value=\"https:\/\/noticiasregionais.com.br\"><input type=\"hidden\" id=\"audio_nonce\" value=\"533fbb67b1\">","protected":false},"excerpt":{"rendered":"<p>A Prefeitura de Salto Grande, por meio do Departamento Municipal de Sa\u00fade, est\u00e1 promovendo o programa Sa\u00fade em Casa, que&hellip;<\/p>\n","protected":false},"author":1,"featured_media":4149,"comment_status":"closed","ping_status":"open","sticky":false,"template":"","format":"standard","meta":{"sfsi_plus_gutenberg_text_before_share":"","sfsi_plus_gutenberg_show_text_before_share":"","sfsi_plus_gutenberg_icon_type":"","sfsi_plus_gutenberg_icon_alignemt":"","sfsi_plus_gutenburg_max_per_row":"","footnotes":""},"categories":[6,10,1],"tags":[],"class_list":["post-4148","post","type-post","status-publish","format-standard","has-post-thumbnail","hentry","category-sao_paulo","category-destaques","category-noticias"],"_links":{"self":[{"href":"https:\/\/noticiasregionais.com.br\/index.php?rest_route=\/wp\/v2\/posts\/4148","targetHints":{"allow":["GET"]}}],"collection":[{"href":"https:\/\/noticiasregionais.com.br\/index.php?rest_route=\/wp\/v2\/posts"}],"about":[{"href":"https:\/\/noticiasregionais.com.br\/index.php?rest_route=\/wp\/v2\/types\/post"}],"author":[{"embeddable":true,"href":"https:\/\/noticiasregionais.com.br\/index.php?rest_route=\/wp\/v2\/users\/1"}],"replies":[{"embeddable":true,"href":"https:\/\/noticiasregionais.com.br\/index.php?rest_route=%2Fwp%2Fv2%2Fcomments&post=4148"}],"version-history":[{"count":1,"href":"https:\/\/noticiasregionais.com.br\/index.php?rest_route=\/wp\/v2\/posts\/4148\/revisions"}],"predecessor-version":[{"id":4150,"href":"https:\/\/noticiasregionais.com.br\/index.php?rest_route=\/wp\/v2\/posts\/4148\/revisions\/4150"}],"wp:featuredmedia":[{"embeddable":true,"href":"https:\/\/noticiasregionais.com.br\/index.php?rest_route=\/wp\/v2\/media\/4149"}],"wp:attachment":[{"href":"https:\/\/noticiasregionais.com.br\/index.php?rest_route=%2Fwp%2Fv2%2Fmedia&parent=4148"}],"wp:term":[{"taxonomy":"category","embeddable":true,"href":"https:\/\/noticiasregionais.com.br\/index.php?rest_route=%2Fwp%2Fv2%2Fcategories&post=4148"},{"taxonomy":"post_tag","embeddable":true,"href":"https:\/\/noticiasregionais.com.br\/index.php?rest_route=%2Fwp%2Fv2%2Ftags&post=4148"}],"curies":[{"name":"wp","href":"https:\/\/api.w.org\/{rel}","templated":true}]}}