{"id":415,"date":"2023-09-17T10:49:00","date_gmt":"2023-09-17T13:49:00","guid":{"rendered":"https:\/\/noticiasregionais.com.br\/?p=415"},"modified":"2023-09-17T10:49:00","modified_gmt":"2023-09-17T13:49:00","slug":"forcas-de-seguranca-localizam-quinto-suspeito-de-atirar-em-agentes-na-bahia","status":"publish","type":"post","link":"https:\/\/noticiasregionais.com.br\/?p=415","title":{"rendered":"For\u00e7as de seguran\u00e7a localizam quinto suspeito de atirar em agentes na Bahia"},"content":{"rendered":"\n<p>O quinto envolvido no enfrentamento entre policiais e uma fac\u00e7\u00e3o criminosa em Salvador (BA) foi localizado por equipes da Pol\u00edcia Federal (PF) e da Patamo na madrugada deste s\u00e1bado (16).&nbsp;<\/p>\n\n\n\n<p>Com ele, apreenderam uma submetralhadora, carregador e muni\u00e7\u00f5es, segundo informa\u00e7\u00f5es da Secretaria de Seguran\u00e7a P\u00fablica da Bahia (SSP-BA). A PF e as pol\u00edcias Civil e Militar do estado da Bahia seguem \u00e0 procura dos demais integrantes da fac\u00e7\u00e3o que entrou em confronto com agentes nessa sexta-feira (15).&nbsp;<\/p>\n\n\n\n<p>Na manh\u00e3 deste s\u00e1bado, o diretor-geral em exerc\u00edcio da PF, Gustavo Souza, e o secret\u00e1rio de Seguran\u00e7a P\u00fablica da Bahia, Marcelo Werner, al\u00e9m de outras autoridades, se reuniram para discutir a\u00e7\u00f5es de combate ao crime organizado e tra\u00e7ar estrat\u00e9gias para encontrar os outros envolvidos nos disparos contra as for\u00e7as de seguran\u00e7a. A informa\u00e7\u00e3o \u00e9 da SSP do estado.&nbsp;<\/p>\n\n\n\n<p>O especialista em seguran\u00e7a p\u00fablica Leonardo Sant\u2019Anna avalia que o ocorrido \u00e9 o \u201cespelhamento\u201d do investimento feito pelo crime organizado na \u00faltima d\u00e9cada. Ele afirma que a morte do policial federal na opera\u00e7\u00e3o \u2014 profissional de alto n\u00edvel de treinamento \u2014 mostra o que pode acontecer se n\u00e3o houver mudan\u00e7as nos investimento em \u00e1reas como log\u00edstica, armamento e intelig\u00eancia na seguran\u00e7a p\u00fablica<\/p>\n\n\n\n<p>\u201cO primeiro ponto que precisa ser considerado \u00e9 que n\u00f3s temos, nesse momento, algu\u00e9m ou um grupo que tem tido muito mais intelig\u00eancia, log\u00edstica, prepara\u00e7\u00e3o, equipamento do que se imaginava. Ent\u00e3o \u00e9 hora de haver uma mudan\u00e7a para cima, de comportamento em rela\u00e7\u00e3o ao que se investe nas for\u00e7as de seguran\u00e7a para que esse resultado n\u00e3o mais aconte\u00e7a.\u201d &nbsp;<\/p>\n\n\n\n<h2 class=\"wp-block-heading\">Opera\u00e7\u00e3o e morte<\/h2>\n\n\n\n<p>A Opera\u00e7\u00e3o Fauda foi deflagrada pela For\u00e7a Integrada de Combate ao Crime Organizado (FICCO), na manh\u00e3 de sexta-feira contra uma fac\u00e7\u00e3o ligada, de acordo com a SSP, &nbsp;ao tr\u00e1fico de drogas, homic\u00eddios e roubos. Um agente e cinco suspeitos foram atingidos e morreram em confrontos. Outros dois agentes \u2014 um da PF e um da Pol\u00edcia Civil da Bahia (PC-BA) \u2014 ficaram feridos, segundo a PC-BA.&nbsp;<\/p>\n\n\n\n<p>O policial federal Lucas Carib\u00e9 Monteiro de Almeida faleceu na sexta, em Salvador. &nbsp;Em nota, a Pol\u00edcia Federal lamentou a morte do agente e afirmou que \u201cest\u00e1 empenhada e acompanhando de perto a investiga\u00e7\u00e3o das circunst\u00e2ncias que envolveram o falecimento\u201d.&nbsp;<\/p>\n\n\n\n<p>Conforme informa\u00e7\u00f5es divulgadas ontem pela PF, o diretor-geral em exerc\u00edcio, Gustavo Souza, foi a Salvador acompanhar os fatos. \u201cTamb\u00e9m est\u00e3o em deslocamento, equipes de policiais federais que atuam na intelig\u00eancia e em grupos t\u00e1ticos da PF, al\u00e9m de blindados, para refor\u00e7o da opera\u00e7\u00e3o\u201d, diz a Pol\u00edcia Federal.<\/p>\n\n\n\n<h2 class=\"wp-block-heading\">Viol\u00eancia na Bahia<\/h2>\n\n\n\n<p>Sandra Cristina Ribeiro, de 47 anos, \u00e9 moradora do munic\u00edpio de Lauro de Freitas, localizado na regi\u00e3o metropolitana de Salvador. Ela relata que a viol\u00eancia na capital baiana tem mudado a rotina dos moradores e de quem frequenta a regi\u00e3o. Sandra Cristina conta ainda que a \u201cviol\u00eancia extrema\u201d na cidade tem causado tens\u00e3o.&nbsp;<\/p>\n\n\n\n<p>\u201cA situa\u00e7\u00e3o est\u00e1 de um jeito que a gente vai, mas com medo de pegar um \u00f4nibus, um metr\u00f4, com medo de tiroteio, com medo de assalto. At\u00e9 os bairros mais nobres daqui a gente v\u00ea relatos na televis\u00e3o o tempo todo que est\u00e3o sendo o alvo dessa viol\u00eancia. Ent\u00e3o eu vejo que a viol\u00eancia em Salvador ultrapassou a fronteira dos bairros perigosos. Ela est\u00e1 em todos os ambientes, em todos os bairros.\u201d<\/p>\n\n\n\n<h2 class=\"wp-block-heading\">\u00cdntegra da nota de pesar da Pol\u00edcia Federal:<\/h2>\n\n\n\n<p><em>A Dire\u00e7\u00e3o-Geral da Pol\u00edcia Federal manifesta seu profundo pesar pelo falecimento do agente de Pol\u00edcia Federal Lucas Carib\u00e9 Monteiro de Almeida, lotado no Grupo de Pronta Interven\u00e7\u00e3o (GPI) da Bahia, ocorrido nesta sexta-feira (15), em Salvador.<\/em><\/p>\n\n\n\n<p><em>Lucas Carib\u00e9 ingressou na Pol\u00edcia Federal em 2013, na SR\/PA, sendo inicialmente lotado na Delegacia de Repress\u00e3o a Crimes Contra o Patrim\u00f4nio e ao Tr\u00e1fico de Armas (DELEPAT\/PA) e, em seguida, na Delegacia de Repress\u00e3o a Entorpecentes (DRE\/PA).&nbsp;<\/em><\/p>\n\n\n\n<p><em>Passou a integrar, em 2019, a Superintend\u00eancia Regional da Pol\u00edcia Federal na Bahia, sendo lotado, inicialmente, no NEPOM\/BA. Atualmente, compunha o quadro de policiais do GPI.&nbsp;<\/em><\/p>\n\n\n\n<p><em>O Diretor-Geral substituto da Pol\u00edcia Federal, Gustavo Paulo Leite de Souza, decretou luto oficial de tr\u00eas dias.&nbsp;<\/em><\/p>\n\n\n\n<p><em>A Pol\u00edcia Federal expressa suas condol\u00eancias e solidariedade aos familiares e amigos enlutados.<\/em><\/p>\n\n\n\n<p><em>Informamos, ainda, que a Pol\u00edcia Federal est\u00e1 empenhada e acompanhando de perto a investiga\u00e7\u00e3o das circunst\u00e2ncias que envolveram o falecimento.<\/em><br>&nbsp;<\/p>\n\n\n\n<p>Fonte: <a href=\"https:\/\/brasil61.com\/n\/forcas-de-seguranca-localizam-quinto-suspeito-de-atirar-em-agentes-na-bahia-bras239582\" target=\"_blank\" rel=\"noreferrer noopener\">Brasil 61<\/a><\/p>\n<input type=\"hidden\" id=\"baseurl\" value=\"https:\/\/noticiasregionais.com.br\"><input type=\"hidden\" id=\"audio_nonce\" value=\"533fbb67b1\">","protected":false},"excerpt":{"rendered":"<p>O quinto envolvido no enfrentamento entre policiais e uma fac\u00e7\u00e3o criminosa em Salvador (BA) foi localizado por equipes da Pol\u00edcia&hellip;<\/p>\n","protected":false},"author":1,"featured_media":416,"comment_status":"closed","ping_status":"open","sticky":false,"template":"","format":"standard","meta":{"sfsi_plus_gutenberg_text_before_share":"","sfsi_plus_gutenberg_show_text_before_share":"","sfsi_plus_gutenberg_icon_type":"","sfsi_plus_gutenberg_icon_alignemt":"","sfsi_plus_gutenburg_max_per_row":"","footnotes":""},"categories":[8,10,1],"tags":[],"class_list":["post-415","post","type-post","status-publish","format-standard","has-post-thumbnail","hentry","category-brasil","category-destaques","category-noticias"],"_links":{"self":[{"href":"https:\/\/noticiasregionais.com.br\/index.php?rest_route=\/wp\/v2\/posts\/415","targetHints":{"allow":["GET"]}}],"collection":[{"href":"https:\/\/noticiasregionais.com.br\/index.php?rest_route=\/wp\/v2\/posts"}],"about":[{"href":"https:\/\/noticiasregionais.com.br\/index.php?rest_route=\/wp\/v2\/types\/post"}],"author":[{"embeddable":true,"href":"https:\/\/noticiasregionais.com.br\/index.php?rest_route=\/wp\/v2\/users\/1"}],"replies":[{"embeddable":true,"href":"https:\/\/noticiasregionais.com.br\/index.php?rest_route=%2Fwp%2Fv2%2Fcomments&post=415"}],"version-history":[{"count":1,"href":"https:\/\/noticiasregionais.com.br\/index.php?rest_route=\/wp\/v2\/posts\/415\/revisions"}],"predecessor-version":[{"id":417,"href":"https:\/\/noticiasregionais.com.br\/index.php?rest_route=\/wp\/v2\/posts\/415\/revisions\/417"}],"wp:featuredmedia":[{"embeddable":true,"href":"https:\/\/noticiasregionais.com.br\/index.php?rest_route=\/wp\/v2\/media\/416"}],"wp:attachment":[{"href":"https:\/\/noticiasregionais.com.br\/index.php?rest_route=%2Fwp%2Fv2%2Fmedia&parent=415"}],"wp:term":[{"taxonomy":"category","embeddable":true,"href":"https:\/\/noticiasregionais.com.br\/index.php?rest_route=%2Fwp%2Fv2%2Fcategories&post=415"},{"taxonomy":"post_tag","embeddable":true,"href":"https:\/\/noticiasregionais.com.br\/index.php?rest_route=%2Fwp%2Fv2%2Ftags&post=415"}],"curies":[{"name":"wp","href":"https:\/\/api.w.org\/{rel}","templated":true}]}}