{"id":4151,"date":"2025-01-24T14:32:21","date_gmt":"2025-01-24T17:32:21","guid":{"rendered":"https:\/\/noticiasregionais.com.br\/?p=4151"},"modified":"2025-01-24T15:09:27","modified_gmt":"2025-01-24T18:09:27","slug":"equipe-k9-do-13o-baep-apoia-acao-contra-o-trafico-de-drogas-em-santa-cruz-do-rio-pardo","status":"publish","type":"post","link":"https:\/\/noticiasregionais.com.br\/?p=4151","title":{"rendered":"Equipe K9 do 13\u00ba BAEP apoia a\u00e7\u00e3o contra o tr\u00e1fico de drogas em Santa Cruz do Rio Pardo"},"content":{"rendered":"\n<p>Na manh\u00e3 de quinta-feira, 23 de janeiro de 2025, uma opera\u00e7\u00e3o policial envolvendo a Equipe K9 do 13\u00ba Batalh\u00e3o de A\u00e7\u00f5es Especiais de Pol\u00edcia (BAEP) resultou na apreens\u00e3o de drogas e na deten\u00e7\u00e3o de um suspeito de tr\u00e1fico em Santa Cruz do Rio Pardo, no bairro Jardim Bela Vista.<\/p>\n\n\n\n<p>A a\u00e7\u00e3o teve in\u00edcio por volta das 11h30, quando uma equipe do CGP II, pertencente \u00e0 2\u00aa Companhia da Pol\u00edcia Militar do 31\u00ba BPM\/I, tentou abordar um indiv\u00edduo que desobedeceu \u00e0 ordem de parada e fugiu. Durante a fuga, o suspeito descartou um celular e outros objetos em uma \u00e1rea de mata, mas os itens inicialmente n\u00e3o foram localizados.<\/p>\n\n\n\n<p>Com o aux\u00edlio do c\u00e3o farejador da Equipe K9, a pol\u00edcia encontrou por\u00e7\u00f5es de crack, coca\u00edna e maconha escondidas na mata. Posteriormente, a opera\u00e7\u00e3o se estendeu at\u00e9 a resid\u00eancia do suspeito, onde o c\u00e3o indicou novos pontos de drogas, localizando mais por\u00e7\u00f5es de maconha e coca\u00edna, al\u00e9m de uma balan\u00e7a digital de precis\u00e3o no guarda-roupa do quarto do indiv\u00edduo.<\/p>\n\n\n\n<p>Todo o material apreendido foi encaminhado para a Delegacia de Plant\u00e3o de Santa Cruz do Rio Pardo, onde o suspeito foi apresentado \u00e0s autoridades. Ele permanece \u00e0 disposi\u00e7\u00e3o da Justi\u00e7a.<\/p>\n\n\n\n<p>A a\u00e7\u00e3o demonstra mais uma vez a efic\u00e1cia da atua\u00e7\u00e3o conjunta entre as equipes policiais e o emprego de c\u00e3es farejadores no combate ao tr\u00e1fico de drogas.<\/p>\n\n\n<div class=\"wp-block-image\">\n<figure class=\"aligncenter size-large\"><img decoding=\"async\" width=\"1024\" height=\"1010\" src=\"https:\/\/noticiasregionais.com.br\/wp-content\/uploads\/2025\/01\/WhatsApp-Image-2025-01-24-at-10.28.25-1024x1010.jpeg\" alt=\"\" class=\"wp-image-4153\" srcset=\"https:\/\/noticiasregionais.com.br\/wp-content\/uploads\/2025\/01\/WhatsApp-Image-2025-01-24-at-10.28.25-1024x1010.jpeg 1024w, https:\/\/noticiasregionais.com.br\/wp-content\/uploads\/2025\/01\/WhatsApp-Image-2025-01-24-at-10.28.25-300x296.jpeg 300w, https:\/\/noticiasregionais.com.br\/wp-content\/uploads\/2025\/01\/WhatsApp-Image-2025-01-24-at-10.28.25-768x757.jpeg 768w, https:\/\/noticiasregionais.com.br\/wp-content\/uploads\/2025\/01\/WhatsApp-Image-2025-01-24-at-10.28.25.jpeg 1515w\" sizes=\"(max-width: 1024px) 100vw, 1024px\" \/><\/figure>\n<\/div><input type=\"hidden\" id=\"baseurl\" value=\"https:\/\/noticiasregionais.com.br\"><input type=\"hidden\" id=\"audio_nonce\" value=\"533fbb67b1\">","protected":false},"excerpt":{"rendered":"<p>Na manh\u00e3 de quinta-feira, 23 de janeiro de 2025, uma opera\u00e7\u00e3o policial envolvendo a Equipe K9 do 13\u00ba Batalh\u00e3o de&hellip;<\/p>\n","protected":false},"author":1,"featured_media":4152,"comment_status":"closed","ping_status":"open","sticky":false,"template":"","format":"standard","meta":{"sfsi_plus_gutenberg_text_before_share":"","sfsi_plus_gutenberg_show_text_before_share":"","sfsi_plus_gutenberg_icon_type":"","sfsi_plus_gutenberg_icon_alignemt":"","sfsi_plus_gutenburg_max_per_row":"","footnotes":""},"categories":[6,10,1],"tags":[],"class_list":["post-4151","post","type-post","status-publish","format-standard","has-post-thumbnail","hentry","category-sao_paulo","category-destaques","category-noticias"],"_links":{"self":[{"href":"https:\/\/noticiasregionais.com.br\/index.php?rest_route=\/wp\/v2\/posts\/4151","targetHints":{"allow":["GET"]}}],"collection":[{"href":"https:\/\/noticiasregionais.com.br\/index.php?rest_route=\/wp\/v2\/posts"}],"about":[{"href":"https:\/\/noticiasregionais.com.br\/index.php?rest_route=\/wp\/v2\/types\/post"}],"author":[{"embeddable":true,"href":"https:\/\/noticiasregionais.com.br\/index.php?rest_route=\/wp\/v2\/users\/1"}],"replies":[{"embeddable":true,"href":"https:\/\/noticiasregionais.com.br\/index.php?rest_route=%2Fwp%2Fv2%2Fcomments&post=4151"}],"version-history":[{"count":2,"href":"https:\/\/noticiasregionais.com.br\/index.php?rest_route=\/wp\/v2\/posts\/4151\/revisions"}],"predecessor-version":[{"id":4156,"href":"https:\/\/noticiasregionais.com.br\/index.php?rest_route=\/wp\/v2\/posts\/4151\/revisions\/4156"}],"wp:featuredmedia":[{"embeddable":true,"href":"https:\/\/noticiasregionais.com.br\/index.php?rest_route=\/wp\/v2\/media\/4152"}],"wp:attachment":[{"href":"https:\/\/noticiasregionais.com.br\/index.php?rest_route=%2Fwp%2Fv2%2Fmedia&parent=4151"}],"wp:term":[{"taxonomy":"category","embeddable":true,"href":"https:\/\/noticiasregionais.com.br\/index.php?rest_route=%2Fwp%2Fv2%2Fcategories&post=4151"},{"taxonomy":"post_tag","embeddable":true,"href":"https:\/\/noticiasregionais.com.br\/index.php?rest_route=%2Fwp%2Fv2%2Ftags&post=4151"}],"curies":[{"name":"wp","href":"https:\/\/api.w.org\/{rel}","templated":true}]}}