{"id":4157,"date":"2025-01-24T14:58:48","date_gmt":"2025-01-24T17:58:48","guid":{"rendered":"https:\/\/noticiasregionais.com.br\/?p=4157"},"modified":"2025-01-24T14:59:11","modified_gmt":"2025-01-24T17:59:11","slug":"prefeito-discute-prioridades-para-2025-em-reuniao-com-secretarios","status":"publish","type":"post","link":"https:\/\/noticiasregionais.com.br\/?p=4157","title":{"rendered":"Prefeito de Ourinhos discute prioridades para 2025 em reuni\u00e3o com secret\u00e1rios"},"content":{"rendered":"\n<p class=\"has-text-align-center\"><strong>Encontro refor\u00e7a integra\u00e7\u00e3o e planejamento estrat\u00e9gico para atender \u00e0s demandas da popula\u00e7\u00e3o<\/strong><\/p>\n\n\n\n<p>Na manh\u00e3 desta quinta-feira (23), o prefeito Guilherme Gon\u00e7alves reuniu-se com o vice-prefeito Alexandre Zoio e os secret\u00e1rios municipais no Gabinete da Prefeitura para discutir projetos em andamento e alinhar as metas priorit\u00e1rias para o in\u00edcio de 2025.<\/p>\n\n\n\n<p>O objetivo do encontro foi ouvir as necessidades de cada setor, avaliar o progresso das a\u00e7\u00f5es em curso e garantir um planejamento eficiente para os pr\u00f3ximos meses. \u201cPrecisamos trabalhar de forma integrada, com responsabilidade e compromisso, para que nossas a\u00e7\u00f5es melhorem a qualidade de vida da popula\u00e7\u00e3o\u201d, ressaltou o prefeito.<\/p>\n\n\n\n<p>Os secret\u00e1rios apresentaram as demandas de suas \u00e1reas, destacando temas como educa\u00e7\u00e3o, sa\u00fade, infraestrutura e outras \u00e1reas priorit\u00e1rias. Al\u00e9m disso, o prefeito enfatizou a import\u00e2ncia de buscar parcerias e direcionar esfor\u00e7os para iniciativas que tragam impactos diretos ao bem-estar da comunidade.<\/p>\n\n\n\n<p>Ao final, ficou definido que as secretarias trabalhar\u00e3o de forma colaborativa, refor\u00e7ando o compromisso de transformar Ourinhos em uma cidade cada vez mais preparada para atender \u00e0s necessidades de seus cidad\u00e3os. \u201cEstamos dando o primeiro passo para fazer de 2025 um ano de avan\u00e7os significativos para nossa cidade\u201d, concluiu o prefeito.<\/p>\n<input type=\"hidden\" id=\"baseurl\" value=\"https:\/\/noticiasregionais.com.br\"><input type=\"hidden\" id=\"audio_nonce\" value=\"533fbb67b1\">","protected":false},"excerpt":{"rendered":"<p>Encontro refor\u00e7a integra\u00e7\u00e3o e planejamento estrat\u00e9gico para atender \u00e0s demandas da popula\u00e7\u00e3o Na manh\u00e3 desta quinta-feira (23), o prefeito Guilherme&hellip;<\/p>\n","protected":false},"author":1,"featured_media":4158,"comment_status":"closed","ping_status":"open","sticky":false,"template":"","format":"standard","meta":{"sfsi_plus_gutenberg_text_before_share":"","sfsi_plus_gutenberg_show_text_before_share":"","sfsi_plus_gutenberg_icon_type":"","sfsi_plus_gutenberg_icon_alignemt":"","sfsi_plus_gutenburg_max_per_row":"","footnotes":""},"categories":[5,12,1],"tags":[],"class_list":["post-4157","post","type-post","status-publish","format-standard","has-post-thumbnail","hentry","category-ourinhos","category-capa","category-noticias"],"_links":{"self":[{"href":"https:\/\/noticiasregionais.com.br\/index.php?rest_route=\/wp\/v2\/posts\/4157","targetHints":{"allow":["GET"]}}],"collection":[{"href":"https:\/\/noticiasregionais.com.br\/index.php?rest_route=\/wp\/v2\/posts"}],"about":[{"href":"https:\/\/noticiasregionais.com.br\/index.php?rest_route=\/wp\/v2\/types\/post"}],"author":[{"embeddable":true,"href":"https:\/\/noticiasregionais.com.br\/index.php?rest_route=\/wp\/v2\/users\/1"}],"replies":[{"embeddable":true,"href":"https:\/\/noticiasregionais.com.br\/index.php?rest_route=%2Fwp%2Fv2%2Fcomments&post=4157"}],"version-history":[{"count":2,"href":"https:\/\/noticiasregionais.com.br\/index.php?rest_route=\/wp\/v2\/posts\/4157\/revisions"}],"predecessor-version":[{"id":4160,"href":"https:\/\/noticiasregionais.com.br\/index.php?rest_route=\/wp\/v2\/posts\/4157\/revisions\/4160"}],"wp:featuredmedia":[{"embeddable":true,"href":"https:\/\/noticiasregionais.com.br\/index.php?rest_route=\/wp\/v2\/media\/4158"}],"wp:attachment":[{"href":"https:\/\/noticiasregionais.com.br\/index.php?rest_route=%2Fwp%2Fv2%2Fmedia&parent=4157"}],"wp:term":[{"taxonomy":"category","embeddable":true,"href":"https:\/\/noticiasregionais.com.br\/index.php?rest_route=%2Fwp%2Fv2%2Fcategories&post=4157"},{"taxonomy":"post_tag","embeddable":true,"href":"https:\/\/noticiasregionais.com.br\/index.php?rest_route=%2Fwp%2Fv2%2Ftags&post=4157"}],"curies":[{"name":"wp","href":"https:\/\/api.w.org\/{rel}","templated":true}]}}