{"id":4161,"date":"2025-01-27T11:05:02","date_gmt":"2025-01-27T14:05:02","guid":{"rendered":"https:\/\/noticiasregionais.com.br\/?p=4161"},"modified":"2025-01-27T11:05:54","modified_gmt":"2025-01-27T14:05:54","slug":"reajuste-do-iptu-e-georreferenciamento-dos-imoveis-foi-feito-na-gestao-pocay-e-custou-quase-6-milhoes","status":"publish","type":"post","link":"https:\/\/noticiasregionais.com.br\/?p=4161","title":{"rendered":"Reajuste do IPTU e georreferenciamento dos im\u00f3veis foi feito na gest\u00e3o Pocay e custou quase 6 milh\u00f5es"},"content":{"rendered":"\n<p class=\"has-text-align-center\"><strong>Diante de informa\u00e7\u00f5es distorcidas publicadas na internet, atual gest\u00e3o esclareceu a situa\u00e7\u00e3o <\/strong><\/p>\n\n\n\n<p>No final de 2024, a Prefeitura de Ourinhos realizou o reajuste do Imposto Predial e Territorial Urbano (IPTU), em cumprimento \u00e0s normas legais de gest\u00e3o tribut\u00e1ria e visando a justi\u00e7a fiscal. Para evitar mal-entendidos, a Secretaria Municipal de Finan\u00e7as traz esclarecimentos sobre o processo.<\/p>\n\n\n\n<h3 class=\"wp-block-heading\">Atualiza\u00e7\u00e3o de metragens dos im\u00f3veis<\/h3>\n\n\n\n<p>Em 2023, a Prefeitura contratou uma empresa especializada para realizar um levantamento georreferenciado (GEO) dos im\u00f3veis do munic\u00edpio, com o objetivo de atualizar as metragens e garantir que a base de c\u00e1lculo do IPTU seja justa e atualizada.<\/p>\n\n\n\n<ul class=\"wp-block-list\">\n<li>O contrato inicial foi firmado em 23 de setembro de 2023, no valor de R$ 4.849.710,00. Posteriormente, houve um aditamento de R$ 1.021.445,00, totalizando R$ 5.871.155,00.<\/li>\n<\/ul>\n\n\n\n<p>A atualiza\u00e7\u00e3o das metragens pode ter impactado o valor do IPTU em alguns casos. Contudo, a Prefeitura refor\u00e7a que o processo visa corrigir eventuais inconsist\u00eancias na base de dados, promovendo uma cobran\u00e7a mais justa.<\/p>\n\n\n\n<h3 class=\"wp-block-heading\">Revis\u00e3o e atendimento aos contribuintes<\/h3>\n\n\n\n<p>A Secretaria de Finan\u00e7as est\u00e1 analisando individualmente todos os processos de revis\u00e3o protocolados pelos contribuintes que contestaram as metragens atribu\u00eddas aos seus im\u00f3veis. Cada caso est\u00e1 sendo cuidadosamente avaliado, com confer\u00eancia das informa\u00e7\u00f5es e da documenta\u00e7\u00e3o apresentada.<\/p>\n\n\n\n<p>O objetivo \u00e9 garantir que eventuais diverg\u00eancias sejam resolvidas e que o contribuinte tenha clareza sobre a cobran\u00e7a do imposto.<\/p>\n\n\n\n<h3 class=\"wp-block-heading\">Transpar\u00eancia e suporte<\/h3>\n\n\n\n<p>A Prefeitura reafirma seu compromisso com a transpar\u00eancia e a justi\u00e7a tribut\u00e1ria. A equipe t\u00e9cnica da Secretaria de Finan\u00e7as est\u00e1 \u00e0 disposi\u00e7\u00e3o para atender os contribuintes, tanto no Setor de IPTU quanto no Poupatempo.<\/p>\n\n\n\n<p>Al\u00e9m disso, todas as documenta\u00e7\u00f5es relacionadas ao processo de levantamento georreferenciado e ao contrato firmado est\u00e3o dispon\u00edveis para consulta p\u00fablica no Portal da Transpar\u00eancia.<\/p>\n\n\n\n<p>Para acessar os documentos e mais informa\u00e7\u00f5es, visite: <a href=\"https:\/\/www.ourinhos.sp.gov.br\/portal\/contrato\/1046\" target=\"_blank\" rel=\"noopener\">https:\/\/www.ourinhos.sp.gov.br\/portal\/contrato\/1046<\/a>.<\/p>\n\n\n\n<p>A Prefeitura de Ourinhos continua trabalhando para oferecer um servi\u00e7o eficiente e transparente \u00e0 popula\u00e7\u00e3o.<\/p>\n<input type=\"hidden\" id=\"baseurl\" value=\"https:\/\/noticiasregionais.com.br\"><input type=\"hidden\" id=\"audio_nonce\" value=\"533fbb67b1\">","protected":false},"excerpt":{"rendered":"<p>Diante de informa\u00e7\u00f5es distorcidas publicadas na internet, atual gest\u00e3o esclareceu a situa\u00e7\u00e3o No final de 2024, a Prefeitura de Ourinhos&hellip;<\/p>\n","protected":false},"author":1,"featured_media":4162,"comment_status":"closed","ping_status":"open","sticky":false,"template":"","format":"standard","meta":{"sfsi_plus_gutenberg_text_before_share":"","sfsi_plus_gutenberg_show_text_before_share":"","sfsi_plus_gutenberg_icon_type":"","sfsi_plus_gutenberg_icon_alignemt":"","sfsi_plus_gutenburg_max_per_row":"","footnotes":""},"categories":[5,12,1],"tags":[],"class_list":["post-4161","post","type-post","status-publish","format-standard","has-post-thumbnail","hentry","category-ourinhos","category-capa","category-noticias"],"_links":{"self":[{"href":"https:\/\/noticiasregionais.com.br\/index.php?rest_route=\/wp\/v2\/posts\/4161","targetHints":{"allow":["GET"]}}],"collection":[{"href":"https:\/\/noticiasregionais.com.br\/index.php?rest_route=\/wp\/v2\/posts"}],"about":[{"href":"https:\/\/noticiasregionais.com.br\/index.php?rest_route=\/wp\/v2\/types\/post"}],"author":[{"embeddable":true,"href":"https:\/\/noticiasregionais.com.br\/index.php?rest_route=\/wp\/v2\/users\/1"}],"replies":[{"embeddable":true,"href":"https:\/\/noticiasregionais.com.br\/index.php?rest_route=%2Fwp%2Fv2%2Fcomments&post=4161"}],"version-history":[{"count":1,"href":"https:\/\/noticiasregionais.com.br\/index.php?rest_route=\/wp\/v2\/posts\/4161\/revisions"}],"predecessor-version":[{"id":4163,"href":"https:\/\/noticiasregionais.com.br\/index.php?rest_route=\/wp\/v2\/posts\/4161\/revisions\/4163"}],"wp:featuredmedia":[{"embeddable":true,"href":"https:\/\/noticiasregionais.com.br\/index.php?rest_route=\/wp\/v2\/media\/4162"}],"wp:attachment":[{"href":"https:\/\/noticiasregionais.com.br\/index.php?rest_route=%2Fwp%2Fv2%2Fmedia&parent=4161"}],"wp:term":[{"taxonomy":"category","embeddable":true,"href":"https:\/\/noticiasregionais.com.br\/index.php?rest_route=%2Fwp%2Fv2%2Fcategories&post=4161"},{"taxonomy":"post_tag","embeddable":true,"href":"https:\/\/noticiasregionais.com.br\/index.php?rest_route=%2Fwp%2Fv2%2Ftags&post=4161"}],"curies":[{"name":"wp","href":"https:\/\/api.w.org\/{rel}","templated":true}]}}