{"id":4168,"date":"2025-01-27T11:24:05","date_gmt":"2025-01-27T14:24:05","guid":{"rendered":"https:\/\/noticiasregionais.com.br\/?p=4168"},"modified":"2025-01-27T11:25:26","modified_gmt":"2025-01-27T14:25:26","slug":"pm-e-policia-civil-realizam-operacao-conjunta-e-apreendem-drogas-em-santo-antonio-da-platina","status":"publish","type":"post","link":"https:\/\/noticiasregionais.com.br\/?p=4168","title":{"rendered":"PM e Pol\u00edcia Civil realizam opera\u00e7\u00e3o conjunta e apreendem drogas em Santo Ant\u00f4nio da Platina"},"content":{"rendered":"\n<p>Na \u00faltima sexta-feira (24), uma opera\u00e7\u00e3o conjunta entre a Pol\u00edcia Militar e a Pol\u00edcia Civil resultou em uma importante apreens\u00e3o de drogas e outros materiais relacionados ao tr\u00e1fico em Santo Ant\u00f4nio da Platina, no Paran\u00e1. A a\u00e7\u00e3o ocorreu no Bairro Santa M\u00f4nica, na Rua Vidanna do Castelo, e faz parte dos esfor\u00e7os cont\u00ednuos de combate ao narcotr\u00e1fico na regi\u00e3o.<\/p>\n\n\n\n<p>Cumprindo mandados de busca e apreens\u00e3o, os policiais localizaram e apreenderam:<\/p>\n\n\n\n<ul class=\"wp-block-list\">\n<li><strong>36 por\u00e7\u00f5es de coca\u00edna<\/strong>;<\/li>\n\n\n\n<li><strong>Por\u00e7\u00f5es e tabletes de maconha<\/strong>;<\/li>\n\n\n\n<li><strong>Dinheiro em esp\u00e9cie<\/strong>;<\/li>\n\n\n\n<li><strong>05 balan\u00e7as de precis\u00e3o<\/strong>;<\/li>\n\n\n\n<li><strong>03 aparelhos celulares<\/strong>.<\/li>\n<\/ul>\n\n\n\n<p>Al\u00e9m do material apreendido, indiv\u00edduos suspeitos de envolvimento com o tr\u00e1fico foram detidos e encaminhados para os procedimentos legais.<\/p>\n\n\n\n<p>A popula\u00e7\u00e3o pode colaborar com as autoridades fornecendo informa\u00e7\u00f5es por meio do Disque Den\u00fancia, pelo telefone <strong>181<\/strong> ou pelo WhatsApp <strong>(43) 9-9150-0190<\/strong>.<\/p>\n\n\n\n<p>A Pol\u00edcia Militar do Paran\u00e1 refor\u00e7a sua miss\u00e3o: \u201c<strong>N\u00f3s fazemos a diferen\u00e7a!<\/strong>\u201d<\/p>\n\n\n\n<figure class=\"wp-block-image size-large\"><img decoding=\"async\" width=\"768\" height=\"1024\" src=\"https:\/\/noticiasregionais.com.br\/wp-content\/uploads\/2025\/01\/WhatsApp-Image-2025-01-27-at-06.23.24-768x1024.jpeg\" alt=\"\" class=\"wp-image-4169\" srcset=\"https:\/\/noticiasregionais.com.br\/wp-content\/uploads\/2025\/01\/WhatsApp-Image-2025-01-27-at-06.23.24-768x1024.jpeg 768w, https:\/\/noticiasregionais.com.br\/wp-content\/uploads\/2025\/01\/WhatsApp-Image-2025-01-27-at-06.23.24-225x300.jpeg 225w, https:\/\/noticiasregionais.com.br\/wp-content\/uploads\/2025\/01\/WhatsApp-Image-2025-01-27-at-06.23.24-1152x1536.jpeg 1152w, https:\/\/noticiasregionais.com.br\/wp-content\/uploads\/2025\/01\/WhatsApp-Image-2025-01-27-at-06.23.24-1536x2048.jpeg 1536w, https:\/\/noticiasregionais.com.br\/wp-content\/uploads\/2025\/01\/WhatsApp-Image-2025-01-27-at-06.23.24-scaled.jpeg 1920w\" sizes=\"(max-width: 768px) 100vw, 768px\" \/><\/figure>\n<input type=\"hidden\" id=\"baseurl\" value=\"https:\/\/noticiasregionais.com.br\"><input type=\"hidden\" id=\"audio_nonce\" value=\"533fbb67b1\">","protected":false},"excerpt":{"rendered":"<p>Na \u00faltima sexta-feira (24), uma opera\u00e7\u00e3o conjunta entre a Pol\u00edcia Militar e a Pol\u00edcia Civil resultou em uma importante apreens\u00e3o&hellip;<\/p>\n","protected":false},"author":1,"featured_media":4170,"comment_status":"closed","ping_status":"open","sticky":false,"template":"","format":"standard","meta":{"sfsi_plus_gutenberg_text_before_share":"","sfsi_plus_gutenberg_show_text_before_share":"","sfsi_plus_gutenberg_icon_type":"","sfsi_plus_gutenberg_icon_alignemt":"","sfsi_plus_gutenburg_max_per_row":"","footnotes":""},"categories":[1,10,7],"tags":[],"class_list":["post-4168","post","type-post","status-publish","format-standard","has-post-thumbnail","hentry","category-noticias","category-destaques","category-parana"],"_links":{"self":[{"href":"https:\/\/noticiasregionais.com.br\/index.php?rest_route=\/wp\/v2\/posts\/4168","targetHints":{"allow":["GET"]}}],"collection":[{"href":"https:\/\/noticiasregionais.com.br\/index.php?rest_route=\/wp\/v2\/posts"}],"about":[{"href":"https:\/\/noticiasregionais.com.br\/index.php?rest_route=\/wp\/v2\/types\/post"}],"author":[{"embeddable":true,"href":"https:\/\/noticiasregionais.com.br\/index.php?rest_route=\/wp\/v2\/users\/1"}],"replies":[{"embeddable":true,"href":"https:\/\/noticiasregionais.com.br\/index.php?rest_route=%2Fwp%2Fv2%2Fcomments&post=4168"}],"version-history":[{"count":1,"href":"https:\/\/noticiasregionais.com.br\/index.php?rest_route=\/wp\/v2\/posts\/4168\/revisions"}],"predecessor-version":[{"id":4171,"href":"https:\/\/noticiasregionais.com.br\/index.php?rest_route=\/wp\/v2\/posts\/4168\/revisions\/4171"}],"wp:featuredmedia":[{"embeddable":true,"href":"https:\/\/noticiasregionais.com.br\/index.php?rest_route=\/wp\/v2\/media\/4170"}],"wp:attachment":[{"href":"https:\/\/noticiasregionais.com.br\/index.php?rest_route=%2Fwp%2Fv2%2Fmedia&parent=4168"}],"wp:term":[{"taxonomy":"category","embeddable":true,"href":"https:\/\/noticiasregionais.com.br\/index.php?rest_route=%2Fwp%2Fv2%2Fcategories&post=4168"},{"taxonomy":"post_tag","embeddable":true,"href":"https:\/\/noticiasregionais.com.br\/index.php?rest_route=%2Fwp%2Fv2%2Ftags&post=4168"}],"curies":[{"name":"wp","href":"https:\/\/api.w.org\/{rel}","templated":true}]}}