{"id":418,"date":"2023-09-17T10:54:08","date_gmt":"2023-09-17T13:54:08","guid":{"rendered":"https:\/\/noticiasregionais.com.br\/?p=418"},"modified":"2023-09-17T10:54:08","modified_gmt":"2023-09-17T13:54:08","slug":"forca-tatica-prende-tres-individuos-por-trafico-de-drogas-em-ourinhos","status":"publish","type":"post","link":"https:\/\/noticiasregionais.com.br\/?p=418","title":{"rendered":"For\u00e7a T\u00e1tica prende tr\u00eas indiv\u00edduos por tr\u00e1fico de drogas em Ourinhos"},"content":{"rendered":"\n<p>Uma equipe de For\u00e7a T\u00e1tica do 31\u00ba Batalh\u00e3o de Pol\u00edcia Militar do Interior (BPMI) prendeu, na noite de ontem (16), tr\u00eas indiv\u00edduos por tr\u00e1fico de drogas no Bairro Jardim das Paineiras, na cidade de Ourinhos.<\/p>\n\n\n\n<p>De acordo com a pol\u00edcia, a equipe realizava patrulhamento t\u00e1tico pela regi\u00e3o quando visualizou um ve\u00edculo Monza que ao perceber a viatura dispensou drogas. Em abordagem, foi localizado entorpecente com os indiv\u00edduos, que foram presos em flagrante.<\/p>\n\n\n\n<p>Ao realizar buscas no ve\u00edculo, foi localizada uma por\u00e7\u00e3o bruta de coca\u00edna. No total, foram apreendidos 3 por\u00e7\u00f5es brutas de coca\u00edna, pesando aproximadamente 1 quilo.<\/p>\n\n\n\n<p>Os tr\u00eas indiv\u00edduos foram apresentados na Central de Pol\u00edcia Judici\u00e1ria de Ourinhos, onde permaneceram presos.<\/p>\n\n\n\n<p>A pol\u00edcia segue investigando o caso para identificar outros envolvidos.<\/p>\n\n\n\n<p><sub>com informa\u00e7\u00f5es da Pol\u00edcia Militar SP<\/sub><\/p>\n<input type=\"hidden\" id=\"baseurl\" value=\"https:\/\/noticiasregionais.com.br\"><input type=\"hidden\" id=\"audio_nonce\" value=\"533fbb67b1\">","protected":false},"excerpt":{"rendered":"<p>Uma equipe de For\u00e7a T\u00e1tica do 31\u00ba Batalh\u00e3o de Pol\u00edcia Militar do Interior (BPMI) prendeu, na noite de ontem (16),&hellip;<\/p>\n","protected":false},"author":1,"featured_media":419,"comment_status":"closed","ping_status":"open","sticky":false,"template":"","format":"standard","meta":{"sfsi_plus_gutenberg_text_before_share":"","sfsi_plus_gutenberg_show_text_before_share":"","sfsi_plus_gutenberg_icon_type":"","sfsi_plus_gutenberg_icon_alignemt":"","sfsi_plus_gutenburg_max_per_row":"","footnotes":""},"categories":[5,10,1],"tags":[],"class_list":["post-418","post","type-post","status-publish","format-standard","has-post-thumbnail","hentry","category-ourinhos","category-destaques","category-noticias"],"_links":{"self":[{"href":"https:\/\/noticiasregionais.com.br\/index.php?rest_route=\/wp\/v2\/posts\/418","targetHints":{"allow":["GET"]}}],"collection":[{"href":"https:\/\/noticiasregionais.com.br\/index.php?rest_route=\/wp\/v2\/posts"}],"about":[{"href":"https:\/\/noticiasregionais.com.br\/index.php?rest_route=\/wp\/v2\/types\/post"}],"author":[{"embeddable":true,"href":"https:\/\/noticiasregionais.com.br\/index.php?rest_route=\/wp\/v2\/users\/1"}],"replies":[{"embeddable":true,"href":"https:\/\/noticiasregionais.com.br\/index.php?rest_route=%2Fwp%2Fv2%2Fcomments&post=418"}],"version-history":[{"count":1,"href":"https:\/\/noticiasregionais.com.br\/index.php?rest_route=\/wp\/v2\/posts\/418\/revisions"}],"predecessor-version":[{"id":420,"href":"https:\/\/noticiasregionais.com.br\/index.php?rest_route=\/wp\/v2\/posts\/418\/revisions\/420"}],"wp:featuredmedia":[{"embeddable":true,"href":"https:\/\/noticiasregionais.com.br\/index.php?rest_route=\/wp\/v2\/media\/419"}],"wp:attachment":[{"href":"https:\/\/noticiasregionais.com.br\/index.php?rest_route=%2Fwp%2Fv2%2Fmedia&parent=418"}],"wp:term":[{"taxonomy":"category","embeddable":true,"href":"https:\/\/noticiasregionais.com.br\/index.php?rest_route=%2Fwp%2Fv2%2Fcategories&post=418"},{"taxonomy":"post_tag","embeddable":true,"href":"https:\/\/noticiasregionais.com.br\/index.php?rest_route=%2Fwp%2Fv2%2Ftags&post=418"}],"curies":[{"name":"wp","href":"https:\/\/api.w.org\/{rel}","templated":true}]}}