{"id":4187,"date":"2025-01-28T08:47:09","date_gmt":"2025-01-28T11:47:09","guid":{"rendered":"https:\/\/noticiasregionais.com.br\/?p=4187"},"modified":"2025-01-28T08:48:05","modified_gmt":"2025-01-28T11:48:05","slug":"secretario-de-financas-promete-dar-publicidade-ao-gasto-dos-recursos-da-sae-feitos-por-pocay-e-aliados","status":"publish","type":"post","link":"https:\/\/noticiasregionais.com.br\/?p=4187","title":{"rendered":"Secretario de finan\u00e7as promete dar publicidade ao gasto dos recursos da SAE feitos por Pocay e Aliados"},"content":{"rendered":"\n<p>O secret\u00e1rio de Finan\u00e7as de Ourinhos, Leandro Moraes, segue refor\u00e7ando seu compromisso com a transpar\u00eancia na gest\u00e3o p\u00fablica. Dias ap\u00f3s assumir o cargo na nova administra\u00e7\u00e3o municipal, ele prometeu a\u00e7\u00f5es concretas para esclarecer o uso dos recursos provenientes da concess\u00e3o da SAE (Superintend\u00eancia de \u00c1gua e Esgoto). Em declara\u00e7\u00e3o recente, Moraes afirmou:<\/p>\n\n\n\n<blockquote class=\"wp-block-quote is-layout-flow wp-block-quote-is-layout-flow\">\n<p>&#8220;Amanh\u00e3, assim que chegar \u00e0 Secretaria de Finan\u00e7as, vou determinar a publica\u00e7\u00e3o, no site oficial da Prefeitura de Ourinhos, do boletim financeiro detalhando todos os pagamentos realizados com recursos da SAE. Voc\u00eas poder\u00e3o conferir com total transpar\u00eancia: mais de 250 milh\u00f5es gastos em apenas 5 meses! Al\u00e9m disso, notificarei o Controle Interno, o Tribunal de Contas, o Minist\u00e9rio P\u00fablico e o GAECO para an\u00e1lise detalhada de todos os pagamentos, nota por nota, verificando se cumpriram todos os ritos e as leis. Que Deus tenha compaix\u00e3o do povo de Ourinhos!&#8221;<\/p>\n<\/blockquote>\n\n\n\n<h3 class=\"wp-block-heading\">Panorama do Uso de Recursos<\/h3>\n\n\n\n<p>Entre 10 de julho e 4 de outubro de 2024, do total de <strong>R$ 138,75 milh\u00f5es<\/strong> recebidos no primeiro repasse da concess\u00e3o, <strong>R$ 115,9 milh\u00f5es<\/strong> foram utilizados para diversas despesas, incluindo:<\/p>\n\n\n\n<ul class=\"wp-block-list\">\n<li>Quita\u00e7\u00e3o de d\u00e9bitos com o <strong>IPMO (Instituto de Previd\u00eancia Municipal)<\/strong>;<\/li>\n\n\n\n<li>Pagamento de fornecedores e servi\u00e7os essenciais, como a coleta e o transbordo de lixo;<\/li>\n\n\n\n<li>Sal\u00e1rios dos servidores municipais;<\/li>\n\n\n\n<li>Um repasse de <strong>R$ 10 milh\u00f5es<\/strong> \u00e0 Santa Casa de Ourinhos, destinado ao custeio de exames m\u00e9dicos.<\/li>\n<\/ul>\n\n\n\n<p>Al\u00e9m disso, a \u00fanica obra realizada com esses recursos foi a constru\u00e7\u00e3o do <strong>Parque Centen\u00e1rio<\/strong>, que custou R$ 1.145.293,43.<\/p>\n\n\n\n<h3 class=\"wp-block-heading\">Solicita\u00e7\u00e3o de Auditoria e Medidas Fiscais<\/h3>\n\n\n\n<p>No in\u00edcio de sua gest\u00e3o, Moraes j\u00e1 protocolou um pedido ao <strong>Tribunal de Contas do Estado de S\u00e3o Paulo<\/strong> para uma auditoria detalhada nas contas de 2024, al\u00e9m de notificar outros \u00f3rg\u00e3os de controle, como o Minist\u00e9rio P\u00fablico e o GAECO. Ele tamb\u00e9m refor\u00e7ou a disponibiliza\u00e7\u00e3o p\u00fablica de informa\u00e7\u00f5es financeiras no site da prefeitura, permitindo que a popula\u00e7\u00e3o acompanhe os gastos com clareza e exatid\u00e3o.<\/p>\n\n\n\n<h3 class=\"wp-block-heading\">Transpar\u00eancia como Prioridade<\/h3>\n\n\n\n<p>Leandro Moraes destacou a gravidade da situa\u00e7\u00e3o financeira do munic\u00edpio e a necessidade de medidas rigorosas para restaurar o equil\u00edbrio fiscal. &#8220;Nosso compromisso \u00e9 com a verdade e com a correta aplica\u00e7\u00e3o dos recursos p\u00fablicos. N\u00e3o mediremos esfor\u00e7os para que cada centavo seja esclarecido e que o povo de Ourinhos saiba exatamente como o dinheiro foi gasto&#8221;, afirmou o secret\u00e1rio.<\/p>\n\n\n\n<p>A nova administra\u00e7\u00e3o reafirma seu compromisso com a transpar\u00eancia e a responsabilidade fiscal, buscando superar os desafios herdados e garantir uma gest\u00e3o eficiente e \u00e9tica.<\/p>\n\n\n\n<figure class=\"wp-block-gallery has-nested-images columns-1 is-cropped wp-block-gallery-1 is-layout-flex wp-block-gallery-is-layout-flex\">\n<figure class=\"wp-block-image size-large\"><img decoding=\"async\" width=\"601\" height=\"353\" data-id=\"4188\" src=\"https:\/\/noticiasregionais.com.br\/wp-content\/uploads\/2025\/01\/Leandro-Moraes-01.jpg\" alt=\"\" class=\"wp-image-4188\" srcset=\"https:\/\/noticiasregionais.com.br\/wp-content\/uploads\/2025\/01\/Leandro-Moraes-01.jpg 601w, https:\/\/noticiasregionais.com.br\/wp-content\/uploads\/2025\/01\/Leandro-Moraes-01-300x176.jpg 300w\" sizes=\"(max-width: 601px) 100vw, 601px\" \/><\/figure>\n\n\n\n<figure class=\"wp-block-image size-large\"><img decoding=\"async\" width=\"621\" height=\"593\" data-id=\"4189\" src=\"https:\/\/noticiasregionais.com.br\/wp-content\/uploads\/2025\/01\/Leandro-Moraes-02.jpg\" alt=\"\" class=\"wp-image-4189\" srcset=\"https:\/\/noticiasregionais.com.br\/wp-content\/uploads\/2025\/01\/Leandro-Moraes-02.jpg 621w, https:\/\/noticiasregionais.com.br\/wp-content\/uploads\/2025\/01\/Leandro-Moraes-02-300x286.jpg 300w\" sizes=\"(max-width: 621px) 100vw, 621px\" \/><\/figure>\n<\/figure>\n<input type=\"hidden\" id=\"baseurl\" value=\"https:\/\/noticiasregionais.com.br\"><input type=\"hidden\" id=\"audio_nonce\" value=\"533fbb67b1\">","protected":false},"excerpt":{"rendered":"<p>O secret\u00e1rio de Finan\u00e7as de Ourinhos, Leandro Moraes, segue refor\u00e7ando seu compromisso com a transpar\u00eancia na gest\u00e3o p\u00fablica. Dias ap\u00f3s&hellip;<\/p>\n","protected":false},"author":1,"featured_media":4190,"comment_status":"closed","ping_status":"open","sticky":false,"template":"","format":"standard","meta":{"sfsi_plus_gutenberg_text_before_share":"","sfsi_plus_gutenberg_show_text_before_share":"","sfsi_plus_gutenberg_icon_type":"","sfsi_plus_gutenberg_icon_alignemt":"","sfsi_plus_gutenburg_max_per_row":"","footnotes":""},"categories":[12,1,5],"tags":[],"class_list":["post-4187","post","type-post","status-publish","format-standard","has-post-thumbnail","hentry","category-capa","category-noticias","category-ourinhos"],"_links":{"self":[{"href":"https:\/\/noticiasregionais.com.br\/index.php?rest_route=\/wp\/v2\/posts\/4187","targetHints":{"allow":["GET"]}}],"collection":[{"href":"https:\/\/noticiasregionais.com.br\/index.php?rest_route=\/wp\/v2\/posts"}],"about":[{"href":"https:\/\/noticiasregionais.com.br\/index.php?rest_route=\/wp\/v2\/types\/post"}],"author":[{"embeddable":true,"href":"https:\/\/noticiasregionais.com.br\/index.php?rest_route=\/wp\/v2\/users\/1"}],"replies":[{"embeddable":true,"href":"https:\/\/noticiasregionais.com.br\/index.php?rest_route=%2Fwp%2Fv2%2Fcomments&post=4187"}],"version-history":[{"count":1,"href":"https:\/\/noticiasregionais.com.br\/index.php?rest_route=\/wp\/v2\/posts\/4187\/revisions"}],"predecessor-version":[{"id":4191,"href":"https:\/\/noticiasregionais.com.br\/index.php?rest_route=\/wp\/v2\/posts\/4187\/revisions\/4191"}],"wp:featuredmedia":[{"embeddable":true,"href":"https:\/\/noticiasregionais.com.br\/index.php?rest_route=\/wp\/v2\/media\/4190"}],"wp:attachment":[{"href":"https:\/\/noticiasregionais.com.br\/index.php?rest_route=%2Fwp%2Fv2%2Fmedia&parent=4187"}],"wp:term":[{"taxonomy":"category","embeddable":true,"href":"https:\/\/noticiasregionais.com.br\/index.php?rest_route=%2Fwp%2Fv2%2Fcategories&post=4187"},{"taxonomy":"post_tag","embeddable":true,"href":"https:\/\/noticiasregionais.com.br\/index.php?rest_route=%2Fwp%2Fv2%2Ftags&post=4187"}],"curies":[{"name":"wp","href":"https:\/\/api.w.org\/{rel}","templated":true}]}}