{"id":4192,"date":"2025-01-29T10:31:10","date_gmt":"2025-01-29T13:31:10","guid":{"rendered":"https:\/\/noticiasregionais.com.br\/?p=4192"},"modified":"2025-01-29T10:31:12","modified_gmt":"2025-01-29T13:31:12","slug":"ourinhos-se-destaca-em-acoes-regionais-de-combate-a-dengue","status":"publish","type":"post","link":"https:\/\/noticiasregionais.com.br\/?p=4192","title":{"rendered":"Ourinhos se destaca em a\u00e7\u00f5es regionais de combate \u00e0 dengue"},"content":{"rendered":"\n<p class=\"has-text-align-center\"><strong>Capacita\u00e7\u00e3o refor\u00e7a preparo de profissionais da sa\u00fade para enfrentamento da doen\u00e7a<\/strong><\/p>\n\n\n\n<p>A cidade de Ourinhos tem assumido um papel de lideran\u00e7a na luta contra a dengue, promovendo iniciativas que fortalecem a atua\u00e7\u00e3o dos profissionais da sa\u00fade na regi\u00e3o. No \u00faltimo dia 28 de janeiro, a Secretaria Municipal de Sa\u00fade organizou uma capacita\u00e7\u00e3o em Manejo Cl\u00ednico, com o apoio do Grupo de Vigil\u00e2ncia Epidemiol\u00f3gica (GVE) de Assis e da Vigil\u00e2ncia Epidemiol\u00f3gica local. O evento reuniu autoridades como o prefeito Guilherme Gon\u00e7alves, o secret\u00e1rio de Sa\u00fade Diego Singolani Costa e representantes de 13 munic\u00edpios vizinhos, evidenciando a import\u00e2ncia da coopera\u00e7\u00e3o intermunicipal no enfrentamento da doen\u00e7a.<\/p>\n\n\n\n<p>Para o prefeito Guilherme Gon\u00e7alves, a troca de conhecimentos entre as cidades \u00e9 essencial para fortalecer as estrat\u00e9gias de combate \u00e0 dengue. \u201cUnindo esfor\u00e7os, conseguimos oferecer um atendimento mais eficiente tanto para Ourinhos quanto para os munic\u00edpios ao nosso redor. Essa colabora\u00e7\u00e3o traz benef\u00edcios para toda a regi\u00e3o\u201d, ressaltou.<\/p>\n\n\n\n<p>A capacita\u00e7\u00e3o foi conduzida pelo infectologista Dr. Diogo Reginato, especialista em arboviroses, e teve como objetivo qualificar t\u00e9cnicos de enfermagem, agentes comunit\u00e1rios e outros profissionais para um atendimento mais eficaz de casos de dengue, zika e chikungunya.<\/p>\n\n\n\n<p>De acordo com o secret\u00e1rio de Sa\u00fade Diego Singolani Costa, al\u00e9m das diretrizes para o manejo cl\u00ednico, os participantes receberam orienta\u00e7\u00f5es detalhadas para aprimorar o atendimento prestado \u00e0 popula\u00e7\u00e3o, garantindo mais seguran\u00e7a e qualidade nos servi\u00e7os de sa\u00fade.<\/p>\n\n\n\n<p>O encontro contou com a presen\u00e7a de membros das Comiss\u00f5es Intergestoras Regionais (CIRs), al\u00e9m de secret\u00e1rios municipais e equipes da \u00e1rea da sa\u00fade, refor\u00e7ando a relev\u00e2ncia da capacita\u00e7\u00e3o.<\/p>\n\n\n\n<p>A preven\u00e7\u00e3o continua sendo a estrat\u00e9gia mais eficaz para conter a dissemina\u00e7\u00e3o da dengue e reduzir o impacto da doen\u00e7a no sistema de sa\u00fade. Com iniciativas como esta, Ourinhos reafirma seu compromisso com a promo\u00e7\u00e3o da sa\u00fade e da qualidade de vida para toda a comunidade regional.<\/p>\n<input type=\"hidden\" id=\"baseurl\" value=\"https:\/\/noticiasregionais.com.br\"><input type=\"hidden\" id=\"audio_nonce\" value=\"533fbb67b1\">","protected":false},"excerpt":{"rendered":"<p>Capacita\u00e7\u00e3o refor\u00e7a preparo de profissionais da sa\u00fade para enfrentamento da doen\u00e7a A cidade de Ourinhos tem assumido um papel de&hellip;<\/p>\n","protected":false},"author":1,"featured_media":4193,"comment_status":"closed","ping_status":"open","sticky":false,"template":"","format":"standard","meta":{"sfsi_plus_gutenberg_text_before_share":"","sfsi_plus_gutenberg_show_text_before_share":"","sfsi_plus_gutenberg_icon_type":"","sfsi_plus_gutenberg_icon_alignemt":"","sfsi_plus_gutenburg_max_per_row":"","footnotes":""},"categories":[5,12,1],"tags":[],"class_list":["post-4192","post","type-post","status-publish","format-standard","has-post-thumbnail","hentry","category-ourinhos","category-capa","category-noticias"],"_links":{"self":[{"href":"https:\/\/noticiasregionais.com.br\/index.php?rest_route=\/wp\/v2\/posts\/4192","targetHints":{"allow":["GET"]}}],"collection":[{"href":"https:\/\/noticiasregionais.com.br\/index.php?rest_route=\/wp\/v2\/posts"}],"about":[{"href":"https:\/\/noticiasregionais.com.br\/index.php?rest_route=\/wp\/v2\/types\/post"}],"author":[{"embeddable":true,"href":"https:\/\/noticiasregionais.com.br\/index.php?rest_route=\/wp\/v2\/users\/1"}],"replies":[{"embeddable":true,"href":"https:\/\/noticiasregionais.com.br\/index.php?rest_route=%2Fwp%2Fv2%2Fcomments&post=4192"}],"version-history":[{"count":1,"href":"https:\/\/noticiasregionais.com.br\/index.php?rest_route=\/wp\/v2\/posts\/4192\/revisions"}],"predecessor-version":[{"id":4194,"href":"https:\/\/noticiasregionais.com.br\/index.php?rest_route=\/wp\/v2\/posts\/4192\/revisions\/4194"}],"wp:featuredmedia":[{"embeddable":true,"href":"https:\/\/noticiasregionais.com.br\/index.php?rest_route=\/wp\/v2\/media\/4193"}],"wp:attachment":[{"href":"https:\/\/noticiasregionais.com.br\/index.php?rest_route=%2Fwp%2Fv2%2Fmedia&parent=4192"}],"wp:term":[{"taxonomy":"category","embeddable":true,"href":"https:\/\/noticiasregionais.com.br\/index.php?rest_route=%2Fwp%2Fv2%2Fcategories&post=4192"},{"taxonomy":"post_tag","embeddable":true,"href":"https:\/\/noticiasregionais.com.br\/index.php?rest_route=%2Fwp%2Fv2%2Ftags&post=4192"}],"curies":[{"name":"wp","href":"https:\/\/api.w.org\/{rel}","templated":true}]}}