{"id":4198,"date":"2025-01-29T10:41:49","date_gmt":"2025-01-29T13:41:49","guid":{"rendered":"https:\/\/noticiasregionais.com.br\/?p=4198"},"modified":"2025-01-29T10:42:01","modified_gmt":"2025-01-29T13:42:01","slug":"sindicato-dos-servidores-da-inicio-as-negociacoes-salariais-com-a-prefeitura-de-canitar","status":"publish","type":"post","link":"https:\/\/noticiasregionais.com.br\/?p=4198","title":{"rendered":"Sindicato dos Servidores d\u00e1 in\u00edcio \u00e0s negocia\u00e7\u00f5es salariais com a Prefeitura de Canitar"},"content":{"rendered":"\n<p>As tratativas para a Campanha Salarial 2025 dos servidores p\u00fablicos de Canitar come\u00e7aram nesta semana. Na \u00faltima ter\u00e7a-feira (27), o presidente do Sindicato dos Servidores P\u00fablicos Municipais e Aut\u00e1rquicos de Ourinhos e Regi\u00e3o (SINSERPO), Edinilson Ribeiro, conhecido como Bigu\u00e1, se reuniu com o prefeito Joel Rodrigues para discutir as reivindica\u00e7\u00f5es da categoria.<\/p>\n\n\n\n<p>Antes do encontro, o sindicato j\u00e1 havia encaminhado um of\u00edcio detalhando os principais pontos da pauta e solicitando a reuni\u00e3o. Segundo Bigu\u00e1, a antecipa\u00e7\u00e3o do di\u00e1logo \u00e9 essencial, pois a data-base da categoria \u00e9 1\u00ba de mar\u00e7o. &#8220;Com as negocia\u00e7\u00f5es iniciadas com anteced\u00eancia, conseguimos debater melhor, expor as demandas dos servidores e buscar avan\u00e7os significativos&#8221;, destacou.<\/p>\n\n\n\n<p>Durante a reuni\u00e3o, o sindicato apresentou todas as reivindica\u00e7\u00f5es e agora aguarda a resposta da administra\u00e7\u00e3o municipal. &#8220;Estamos confiantes de que teremos avan\u00e7os nas negocia\u00e7\u00f5es e poderemos chegar a um consenso positivo para os servidores&#8221;, afirmou o presidente do SINSERPO.<\/p>\n\n\n\n<p>Al\u00e9m de Canitar, o sindicato segue aguardando retorno de outros munic\u00edpios da regi\u00e3o para dar continuidade \u00e0s negocia\u00e7\u00f5es. &#8220;Nosso compromisso \u00e9 garantir que todas as cidades da base tenham suas demandas discutidas. Estamos \u00e0 disposi\u00e7\u00e3o para agendar reuni\u00f5es e avan\u00e7ar nas tratativas&#8221;, finalizou Bigu\u00e1.<\/p>\n<input type=\"hidden\" id=\"baseurl\" value=\"https:\/\/noticiasregionais.com.br\"><input type=\"hidden\" id=\"audio_nonce\" value=\"533fbb67b1\">","protected":false},"excerpt":{"rendered":"<p>As tratativas para a Campanha Salarial 2025 dos servidores p\u00fablicos de Canitar come\u00e7aram nesta semana. Na \u00faltima ter\u00e7a-feira (27), o&hellip;<\/p>\n","protected":false},"author":1,"featured_media":4199,"comment_status":"closed","ping_status":"open","sticky":false,"template":"","format":"standard","meta":{"sfsi_plus_gutenberg_text_before_share":"","sfsi_plus_gutenberg_show_text_before_share":"","sfsi_plus_gutenberg_icon_type":"","sfsi_plus_gutenberg_icon_alignemt":"","sfsi_plus_gutenburg_max_per_row":"","footnotes":""},"categories":[6,10,1],"tags":[],"class_list":["post-4198","post","type-post","status-publish","format-standard","has-post-thumbnail","hentry","category-sao_paulo","category-destaques","category-noticias"],"_links":{"self":[{"href":"https:\/\/noticiasregionais.com.br\/index.php?rest_route=\/wp\/v2\/posts\/4198","targetHints":{"allow":["GET"]}}],"collection":[{"href":"https:\/\/noticiasregionais.com.br\/index.php?rest_route=\/wp\/v2\/posts"}],"about":[{"href":"https:\/\/noticiasregionais.com.br\/index.php?rest_route=\/wp\/v2\/types\/post"}],"author":[{"embeddable":true,"href":"https:\/\/noticiasregionais.com.br\/index.php?rest_route=\/wp\/v2\/users\/1"}],"replies":[{"embeddable":true,"href":"https:\/\/noticiasregionais.com.br\/index.php?rest_route=%2Fwp%2Fv2%2Fcomments&post=4198"}],"version-history":[{"count":1,"href":"https:\/\/noticiasregionais.com.br\/index.php?rest_route=\/wp\/v2\/posts\/4198\/revisions"}],"predecessor-version":[{"id":4200,"href":"https:\/\/noticiasregionais.com.br\/index.php?rest_route=\/wp\/v2\/posts\/4198\/revisions\/4200"}],"wp:featuredmedia":[{"embeddable":true,"href":"https:\/\/noticiasregionais.com.br\/index.php?rest_route=\/wp\/v2\/media\/4199"}],"wp:attachment":[{"href":"https:\/\/noticiasregionais.com.br\/index.php?rest_route=%2Fwp%2Fv2%2Fmedia&parent=4198"}],"wp:term":[{"taxonomy":"category","embeddable":true,"href":"https:\/\/noticiasregionais.com.br\/index.php?rest_route=%2Fwp%2Fv2%2Fcategories&post=4198"},{"taxonomy":"post_tag","embeddable":true,"href":"https:\/\/noticiasregionais.com.br\/index.php?rest_route=%2Fwp%2Fv2%2Ftags&post=4198"}],"curies":[{"name":"wp","href":"https:\/\/api.w.org\/{rel}","templated":true}]}}