{"id":4201,"date":"2025-01-29T10:47:07","date_gmt":"2025-01-29T13:47:07","guid":{"rendered":"https:\/\/noticiasregionais.com.br\/?p=4201"},"modified":"2025-01-29T10:47:18","modified_gmt":"2025-01-29T13:47:18","slug":"salto-grande-reforca-medidas-contra-o-aedes-aegypti","status":"publish","type":"post","link":"https:\/\/noticiasregionais.com.br\/?p=4201","title":{"rendered":"Salto Grande refor\u00e7a medidas contra o Aedes aegypti"},"content":{"rendered":"\n<p>Com o aumento das temperaturas e a intensifica\u00e7\u00e3o das chuvas, a Prefeitura de Salto Grande, por meio do Departamento Municipal de Sa\u00fade, est\u00e1 ampliando as a\u00e7\u00f5es de combate ao Aedes aegypti, mosquito transmissor da dengue, chikungunya, zika e febre amarela urbana.<\/p>\n\n\n\n<p>As atividades incluem visitas domiciliares realizadas por agentes de sa\u00fade, que orientam a popula\u00e7\u00e3o sobre a import\u00e2ncia de eliminar locais que possam acumular \u00e1gua e servir de criadouros para o mosquito. A iniciativa busca conscientizar os moradores e refor\u00e7ar a necessidade de ado\u00e7\u00e3o de medidas preventivas.<\/p>\n\n\n\n<p>A participa\u00e7\u00e3o de todos \u00e9 essencial para evitar a propaga\u00e7\u00e3o dessas doen\u00e7as. Pequenas a\u00e7\u00f5es, como manter caixas d\u2019\u00e1gua vedadas, descartar corretamente recipientes que possam acumular \u00e1gua e limpar calhas e ralos, fazem toda a diferen\u00e7a na luta contra o Aedes aegypti.<\/p>\n\n\n\n<p>Fa\u00e7a sua parte e contribua para manter Salto Grande protegida!<\/p>\n<input type=\"hidden\" id=\"baseurl\" value=\"https:\/\/noticiasregionais.com.br\"><input type=\"hidden\" id=\"audio_nonce\" value=\"533fbb67b1\">","protected":false},"excerpt":{"rendered":"<p>Com o aumento das temperaturas e a intensifica\u00e7\u00e3o das chuvas, a Prefeitura de Salto Grande, por meio do Departamento Municipal&hellip;<\/p>\n","protected":false},"author":1,"featured_media":4202,"comment_status":"closed","ping_status":"open","sticky":false,"template":"","format":"standard","meta":{"sfsi_plus_gutenberg_text_before_share":"","sfsi_plus_gutenberg_show_text_before_share":"","sfsi_plus_gutenberg_icon_type":"","sfsi_plus_gutenberg_icon_alignemt":"","sfsi_plus_gutenburg_max_per_row":"","footnotes":""},"categories":[6,10,1],"tags":[],"class_list":["post-4201","post","type-post","status-publish","format-standard","has-post-thumbnail","hentry","category-sao_paulo","category-destaques","category-noticias"],"_links":{"self":[{"href":"https:\/\/noticiasregionais.com.br\/index.php?rest_route=\/wp\/v2\/posts\/4201","targetHints":{"allow":["GET"]}}],"collection":[{"href":"https:\/\/noticiasregionais.com.br\/index.php?rest_route=\/wp\/v2\/posts"}],"about":[{"href":"https:\/\/noticiasregionais.com.br\/index.php?rest_route=\/wp\/v2\/types\/post"}],"author":[{"embeddable":true,"href":"https:\/\/noticiasregionais.com.br\/index.php?rest_route=\/wp\/v2\/users\/1"}],"replies":[{"embeddable":true,"href":"https:\/\/noticiasregionais.com.br\/index.php?rest_route=%2Fwp%2Fv2%2Fcomments&post=4201"}],"version-history":[{"count":1,"href":"https:\/\/noticiasregionais.com.br\/index.php?rest_route=\/wp\/v2\/posts\/4201\/revisions"}],"predecessor-version":[{"id":4203,"href":"https:\/\/noticiasregionais.com.br\/index.php?rest_route=\/wp\/v2\/posts\/4201\/revisions\/4203"}],"wp:featuredmedia":[{"embeddable":true,"href":"https:\/\/noticiasregionais.com.br\/index.php?rest_route=\/wp\/v2\/media\/4202"}],"wp:attachment":[{"href":"https:\/\/noticiasregionais.com.br\/index.php?rest_route=%2Fwp%2Fv2%2Fmedia&parent=4201"}],"wp:term":[{"taxonomy":"category","embeddable":true,"href":"https:\/\/noticiasregionais.com.br\/index.php?rest_route=%2Fwp%2Fv2%2Fcategories&post=4201"},{"taxonomy":"post_tag","embeddable":true,"href":"https:\/\/noticiasregionais.com.br\/index.php?rest_route=%2Fwp%2Fv2%2Ftags&post=4201"}],"curies":[{"name":"wp","href":"https:\/\/api.w.org\/{rel}","templated":true}]}}