{"id":4204,"date":"2025-01-29T11:03:35","date_gmt":"2025-01-29T14:03:35","guid":{"rendered":"https:\/\/noticiasregionais.com.br\/?p=4204"},"modified":"2025-01-29T11:03:47","modified_gmt":"2025-01-29T14:03:47","slug":"ourinhos-promove-formacao-para-equipe-escolar-e-reforca-compromisso-com-a-educacao","status":"publish","type":"post","link":"https:\/\/noticiasregionais.com.br\/?p=4204","title":{"rendered":"Ourinhos promove forma\u00e7\u00e3o para equipe escolar e refor\u00e7a compromisso com a educa\u00e7\u00e3o"},"content":{"rendered":"\n<p>A Secretaria Municipal de Educa\u00e7\u00e3o de Ourinhos realizou, no dia 27 de janeiro, no SENAC, um encontro de forma\u00e7\u00e3o voltado \u00e0 equipe escolar da rede municipal. O evento teve como objetivo alinhar estrat\u00e9gias pedag\u00f3gicas e fortalecer a lideran\u00e7a educacional, promovendo um ambiente de aprendizado mais eficiente e inovador.<\/p>\n\n\n\n<p>A cerim\u00f4nia contou com a presen\u00e7a do prefeito Guilherme Gon\u00e7alves, do vice-prefeito Alexandre Z\u00f3io, al\u00e9m de secret\u00e1rios municipais e representantes da \u00e1rea educacional. Para tornar o momento ainda mais especial, alunos da Escola Municipal de Bailado de Ourinhos, em parceria com professores do Centro Cultural Irm\u00e3os Quagliato, realizaram apresenta\u00e7\u00f5es art\u00edsticas, destacando a import\u00e2ncia da cultura na educa\u00e7\u00e3o.<\/p>\n\n\n\n<p>Durante seu discurso, o prefeito Guilherme Gon\u00e7alves enfatizou a relev\u00e2ncia da proximidade entre escola e comunidade. \u201c\u00c9 essencial criar la\u00e7os com os pais e ter empatia com aqueles que est\u00e3o na linha de frente da educa\u00e7\u00e3o. Acreditar no ensino p\u00fablico \u00e9 investir no futuro\u201d, afirmou.<\/p>\n\n\n\n<p>A secret\u00e1ria municipal de Educa\u00e7\u00e3o, professora Carmen Lucia Pereira Machado, ressaltou que a qualidade da educa\u00e7\u00e3o depende do compromisso de cada profissional envolvido. \u201cA constru\u00e7\u00e3o de um futuro melhor passa pela dedica\u00e7\u00e3o di\u00e1ria na gest\u00e3o escolar. Este ano, mais do que nunca, precisamos de coragem, inova\u00e7\u00e3o e comprometimento para superar desafios e garantir o sucesso dos nossos alunos\u201d, declarou.<\/p>\n\n\n\n<p>Os participantes tamb\u00e9m puderam assistir \u00e0 palestra da professora Maria Tereza Paschoal de Moraes, que abordou o tema <strong>&#8220;Lideran\u00e7a Educacional: Compet\u00eancias para Transformar a Escola e a Comunidade&#8221;<\/strong>. A apresenta\u00e7\u00e3o trouxe reflex\u00f5es sobre a import\u00e2ncia da lideran\u00e7a na promo\u00e7\u00e3o de uma educa\u00e7\u00e3o de qualidade, baseada na Matriz Nacional Comum de Compet\u00eancias.<\/p>\n\n\n\n<p>Encerrando o evento, a secret\u00e1ria Carmen Lucia refor\u00e7ou a import\u00e2ncia da parceria entre a Secretaria Municipal de Educa\u00e7\u00e3o e os gestores escolares. \u201cTrabalhando juntos, podemos garantir um ensino cada vez mais eficiente e transformador para nossos estudantes\u201d, concluiu.<\/p>\n<input type=\"hidden\" id=\"baseurl\" value=\"https:\/\/noticiasregionais.com.br\"><input type=\"hidden\" id=\"audio_nonce\" value=\"533fbb67b1\">","protected":false},"excerpt":{"rendered":"<p>A Secretaria Municipal de Educa\u00e7\u00e3o de Ourinhos realizou, no dia 27 de janeiro, no SENAC, um encontro de forma\u00e7\u00e3o voltado&hellip;<\/p>\n","protected":false},"author":1,"featured_media":4205,"comment_status":"closed","ping_status":"open","sticky":false,"template":"","format":"standard","meta":{"sfsi_plus_gutenberg_text_before_share":"","sfsi_plus_gutenberg_show_text_before_share":"","sfsi_plus_gutenberg_icon_type":"","sfsi_plus_gutenberg_icon_alignemt":"","sfsi_plus_gutenburg_max_per_row":"","footnotes":""},"categories":[5,12,1],"tags":[],"class_list":["post-4204","post","type-post","status-publish","format-standard","has-post-thumbnail","hentry","category-ourinhos","category-capa","category-noticias"],"_links":{"self":[{"href":"https:\/\/noticiasregionais.com.br\/index.php?rest_route=\/wp\/v2\/posts\/4204","targetHints":{"allow":["GET"]}}],"collection":[{"href":"https:\/\/noticiasregionais.com.br\/index.php?rest_route=\/wp\/v2\/posts"}],"about":[{"href":"https:\/\/noticiasregionais.com.br\/index.php?rest_route=\/wp\/v2\/types\/post"}],"author":[{"embeddable":true,"href":"https:\/\/noticiasregionais.com.br\/index.php?rest_route=\/wp\/v2\/users\/1"}],"replies":[{"embeddable":true,"href":"https:\/\/noticiasregionais.com.br\/index.php?rest_route=%2Fwp%2Fv2%2Fcomments&post=4204"}],"version-history":[{"count":1,"href":"https:\/\/noticiasregionais.com.br\/index.php?rest_route=\/wp\/v2\/posts\/4204\/revisions"}],"predecessor-version":[{"id":4206,"href":"https:\/\/noticiasregionais.com.br\/index.php?rest_route=\/wp\/v2\/posts\/4204\/revisions\/4206"}],"wp:featuredmedia":[{"embeddable":true,"href":"https:\/\/noticiasregionais.com.br\/index.php?rest_route=\/wp\/v2\/media\/4205"}],"wp:attachment":[{"href":"https:\/\/noticiasregionais.com.br\/index.php?rest_route=%2Fwp%2Fv2%2Fmedia&parent=4204"}],"wp:term":[{"taxonomy":"category","embeddable":true,"href":"https:\/\/noticiasregionais.com.br\/index.php?rest_route=%2Fwp%2Fv2%2Fcategories&post=4204"},{"taxonomy":"post_tag","embeddable":true,"href":"https:\/\/noticiasregionais.com.br\/index.php?rest_route=%2Fwp%2Fv2%2Ftags&post=4204"}],"curies":[{"name":"wp","href":"https:\/\/api.w.org\/{rel}","templated":true}]}}