{"id":4207,"date":"2025-01-29T12:38:10","date_gmt":"2025-01-29T15:38:10","guid":{"rendered":"https:\/\/noticiasregionais.com.br\/?p=4207"},"modified":"2025-01-29T12:38:22","modified_gmt":"2025-01-29T15:38:22","slug":"policia-militar-age-rapido-e-prende-assaltante-de-taxi-em-jacarezinho","status":"publish","type":"post","link":"https:\/\/noticiasregionais.com.br\/?p=4207","title":{"rendered":"Pol\u00edcia Militar age r\u00e1pido e prende assaltante de t\u00e1xi em Jacarezinho"},"content":{"rendered":"\n<p>Na madrugada de 29 de janeiro de 2025, por volta das 03h30, um taxista foi v\u00edtima de um assalto na cidade de Jacarezinho, no Paran\u00e1. A a\u00e7\u00e3o r\u00e1pida da Pol\u00edcia Militar resultou na recupera\u00e7\u00e3o do ve\u00edculo e na pris\u00e3o do autor do crime.<\/p>\n\n\n\n<p>O taxista foi acionado para uma corrida at\u00e9 a Rua S\u00e3o Paulo, na Vila S\u00e3o Pedro. Ao chegar ao destino, o casal de passageiros solicitou que ele os levasse at\u00e9 uma estrada rural. Desconfiado, o taxista se recusou a seguir e, nesse momento, o casal anunciou o assalto, utilizando uma faca para render a v\u00edtima.<\/p>\n\n\n\n<p>Em um momento de descuido dos criminosos, o taxista conseguiu desarmar a mulher, mas o homem assumiu o controle do ve\u00edculo e fugiu em alta velocidade. A mulher conseguiu escapar correndo a p\u00e9.<\/p>\n\n\n\n<p>A Pol\u00edcia Militar foi acionada e, ap\u00f3s coletar informa\u00e7\u00f5es sobre os criminosos e o ve\u00edculo, iniciou as buscas. Por volta das 06h00, a equipe recebeu a informa\u00e7\u00e3o de que o carro roubado estaria no Bairro Laranjal.<\/p>\n\n\n\n<p>Os policiais se dirigiram imediatamente para o local e encontraram o ve\u00edculo estacionado em uma estrada rural, com um casal tentando lig\u00e1-lo. Durante a abordagem, o homem foi reconhecido pela v\u00edtima como o autor do roubo. A mulher detida, por sua vez, n\u00e3o teria participado da a\u00e7\u00e3o, segundo o pr\u00f3prio assaltante.<\/p>\n\n\n\n<p>O ve\u00edculo, um Toyota\/Yaris SA XL15 de cor prata, foi recuperado e ser\u00e1 devolvido ao propriet\u00e1rio. O casal detido foi encaminhado para a Delegacia de Pol\u00edcia de Jacarezinho para as devidas provid\u00eancias.<\/p>\n\n\n\n<p>A a\u00e7\u00e3o da Pol\u00edcia Militar demonstra a import\u00e2ncia da r\u00e1pida resposta e da investiga\u00e7\u00e3o eficiente para a recupera\u00e7\u00e3o de bens roubados e a pris\u00e3o de criminosos, garantindo a seguran\u00e7a da popula\u00e7\u00e3o.<\/p>\n<input type=\"hidden\" id=\"baseurl\" value=\"https:\/\/noticiasregionais.com.br\"><input type=\"hidden\" id=\"audio_nonce\" value=\"533fbb67b1\">","protected":false},"excerpt":{"rendered":"<p>Na madrugada de 29 de janeiro de 2025, por volta das 03h30, um taxista foi v\u00edtima de um assalto na&hellip;<\/p>\n","protected":false},"author":1,"featured_media":4208,"comment_status":"closed","ping_status":"open","sticky":false,"template":"","format":"standard","meta":{"sfsi_plus_gutenberg_text_before_share":"","sfsi_plus_gutenberg_show_text_before_share":"","sfsi_plus_gutenberg_icon_type":"","sfsi_plus_gutenberg_icon_alignemt":"","sfsi_plus_gutenburg_max_per_row":"","footnotes":""},"categories":[7,10,1],"tags":[],"class_list":["post-4207","post","type-post","status-publish","format-standard","has-post-thumbnail","hentry","category-parana","category-destaques","category-noticias"],"_links":{"self":[{"href":"https:\/\/noticiasregionais.com.br\/index.php?rest_route=\/wp\/v2\/posts\/4207","targetHints":{"allow":["GET"]}}],"collection":[{"href":"https:\/\/noticiasregionais.com.br\/index.php?rest_route=\/wp\/v2\/posts"}],"about":[{"href":"https:\/\/noticiasregionais.com.br\/index.php?rest_route=\/wp\/v2\/types\/post"}],"author":[{"embeddable":true,"href":"https:\/\/noticiasregionais.com.br\/index.php?rest_route=\/wp\/v2\/users\/1"}],"replies":[{"embeddable":true,"href":"https:\/\/noticiasregionais.com.br\/index.php?rest_route=%2Fwp%2Fv2%2Fcomments&post=4207"}],"version-history":[{"count":1,"href":"https:\/\/noticiasregionais.com.br\/index.php?rest_route=\/wp\/v2\/posts\/4207\/revisions"}],"predecessor-version":[{"id":4209,"href":"https:\/\/noticiasregionais.com.br\/index.php?rest_route=\/wp\/v2\/posts\/4207\/revisions\/4209"}],"wp:featuredmedia":[{"embeddable":true,"href":"https:\/\/noticiasregionais.com.br\/index.php?rest_route=\/wp\/v2\/media\/4208"}],"wp:attachment":[{"href":"https:\/\/noticiasregionais.com.br\/index.php?rest_route=%2Fwp%2Fv2%2Fmedia&parent=4207"}],"wp:term":[{"taxonomy":"category","embeddable":true,"href":"https:\/\/noticiasregionais.com.br\/index.php?rest_route=%2Fwp%2Fv2%2Fcategories&post=4207"},{"taxonomy":"post_tag","embeddable":true,"href":"https:\/\/noticiasregionais.com.br\/index.php?rest_route=%2Fwp%2Fv2%2Ftags&post=4207"}],"curies":[{"name":"wp","href":"https:\/\/api.w.org\/{rel}","templated":true}]}}