{"id":421,"date":"2023-09-17T12:22:03","date_gmt":"2023-09-17T15:22:03","guid":{"rendered":"https:\/\/noticiasregionais.com.br\/?p=421"},"modified":"2023-09-17T12:23:39","modified_gmt":"2023-09-17T15:23:39","slug":"de-olho-nos-olhinhos-campanha-conscientiza-sobre-retinoblastoma","status":"publish","type":"post","link":"https:\/\/noticiasregionais.com.br\/?p=421","title":{"rendered":"De olho nos olhinhos: campanha conscientiza sobre retinoblastoma"},"content":{"rendered":"\n<p>O nome da campanha n\u00e3o poderia ser mais esclarecedor: estar atento aos olhos para descobrir se algo est\u00e1 fora do normal. &nbsp;\u201cDe olho nos olhinhos\u201d foi a forma que os jornalistas Tiago Leifert e Daiana Garbin encontraram para chamar a aten\u00e7\u00e3o para um problema grave, o retinoblastoma.<\/p>\n\n\n\n<p>A doen\u00e7a ganhou notoriedade em 2022, quando a filha do casal, Lua, foi diagnosticada. Na \u00e9poca ela tinha apenas 11 meses. Para conscientizar a popula\u00e7\u00e3o sobre o diagn\u00f3stico precoce e a import\u00e2ncia de prestar aten\u00e7\u00e3o nos detalhes, Tiago e Daiana criaram uma campanha que percorre cidades brasileiras prestando o servi\u00e7o de informa\u00e7\u00e3o. Nos dias 16 e 17 de setembro, a campanha vai estar em 9 shoppings de 9 cidades brasileiras, al\u00e9m de outros eventos que acontecem em todo o pa\u00eds com a ajuda de m\u00e9dicos volunt\u00e1rios.&nbsp;<\/p>\n\n\n\n<p>Pelas redes sociais, Tiago Leifert divulgou um v\u00eddeo em que pede que o m\u00e1ximo de pessoas saibam do evento e, com isso, tenham acesso \u00e0s informa\u00e7\u00f5es que podem salvar vidas. \u201cA inten\u00e7\u00e3o \u00e9 que as fam\u00edlias consigam chegar ao diagn\u00f3stico do retino, antes do que eu e a Daiana conseguimos com a Lua. &nbsp;A gente n\u00e3o quer doa\u00e7\u00e3o, a gente n\u00e3o quer nada. A gente quer que voc\u00eas nos ajudem a espalhar informa\u00e7\u00e3o.\u201d<\/p>\n\n\n\n<p>Para a m\u00e9dica oftalmologista, que atua h\u00e1 25 anos com crian\u00e7as, Nubia Vanessa, esse tipo de campanha tem uma abrang\u00eancia importante. E pode ajudar a diagnosticar o c\u00e2ncer do olho e outras doen\u00e7as. \u201cN\u00e3o s\u00f3 o retinoblastoma, \u00e0s vezes voc\u00ea vai despertar para uma doen\u00e7a, mas voc\u00ea pode tamb\u00e9m, triar outras que n\u00e3o estavam sendo diagnosticadas\u201d. &nbsp;&nbsp;<\/p>\n\n\n\n<h2 class=\"wp-block-heading\">O que \u00e9 o retinoblastoma<\/h2>\n\n\n\n<p>Retinoblastoma \u00e9 um tumor maligno da retina, que ocorre principalmente em crian\u00e7as entre 0 a 5 anos, mas \u00e9 mais frequente nos primeiros dois anos de vida.&nbsp;Esse tipo de c\u00e2ncer no olho, segundo o Instituto Nacional de C\u00e2ncer (INCA), atinge entre 200 e 400 crian\u00e7as por ano no Brasil, representa cerca de 4% dos c\u00e2nceres infantis, pode causar cegueira e&nbsp; \u2014&nbsp; se n\u00e3o for tratado \u2014 levar at\u00e9 \u00e0&nbsp;morte.<\/p>\n\n\n\n<p>Para detectar a doen\u00e7a, o sinal mais frequente \u00e9 um reflexo branco da pupila, chamado de leucocoria. Esse reflexo costuma aparecer em fotos ou pode ser observado por quem cuida da crian\u00e7a.<\/p>\n\n\n\n<figure class=\"wp-block-image\"><img decoding=\"async\" src=\"\/\/s3-sa-east-1.amazonaws.com\/agencia-radio-arb\/5543\/content_WhatsApp_Image_2023-09-15_at_17.02.28.jpeg\" alt=\"\"\/><\/figure>\n\n\n\n<p>Segundo a m\u00e9dica oftalmologista, \u00e9 importante que&nbsp; \u2014&nbsp; n\u00e3o s\u00f3 os pais \u2014&nbsp; mas toda pessoa que lida com crian\u00e7as, esteja preparada e atenta a esses sinais.&nbsp;<br>&nbsp;<br>\u201cA equipe escolar tamb\u00e9m faz parte e pode ajudar a detectar a doen\u00e7a. Muitas vezes a crian\u00e7a olha muito de perto para os objetos, \u00e0s vezes \u00e9 uma crian\u00e7a que tem torcicolo porque muda a posi\u00e7\u00e3o do olhar para enxergar objetos. Voc\u00ea tem v\u00e1rios outros profissionais, que n\u00e3o m\u00e9dicos, que possam tamb\u00e9m detectar a doen\u00e7a.\u201d<\/p>\n\n\n\n<p><strong>Outros sinais e sintomas menos comuns:<\/strong><\/p>\n\n\n\n<ul class=\"wp-block-list\">\n<li>Diminui\u00e7\u00e3o de vis\u00e3o<\/li>\n\n\n\n<li>Movimentos irregulares dos olhos<\/li>\n\n\n\n<li>Dor nos olhos<\/li>\n\n\n\n<li>Vermelhid\u00e3o da parte branca dos olhos<\/li>\n\n\n\n<li>Cor diferente de cada \u00edris<\/li>\n<\/ul>\n\n\n\n<p><br>O diagn\u00f3stico precoce \u00e9 fundamental pois \u201cvoc\u00ea desperta consci\u00eancia da doen\u00e7a, desperta cuidado para a doen\u00e7a, sobretudo para doen\u00e7as silenciosas\u201d,&nbsp; avalia a m\u00e9dica oftalmologista Nubia Vanessa.&nbsp;<\/p>\n\n\n\n<h2 class=\"wp-block-heading\">Quem j\u00e1 passou por isso tamb\u00e9m apoia<\/h2>\n\n\n\n<p>O pequeno Vitor tinha s\u00f3 sete meses quando a m\u00e3e Renata Cavalcante percebeu o reflexo branco no olho direito do beb\u00ea.&nbsp;<\/p>\n\n\n\n<p>\u201cEu comecei a observar um brilho diferente no olho dele e foi ficando recorrente, eu achei aquilo estranho at\u00e9 que um dia resolvi pesquisar na internet. Quando vi o resultado da pesquisa eu fiquei muito preocupada, pois s\u00f3 aparecia retinoblastoma&nbsp; \u2014&nbsp; doen\u00e7a que eu nunca tinha ouvido falar.\u201d&nbsp;<\/p>\n\n\n\n<p>Depois de passar pelo pediatra, Renata levou o filho ao oftalmologista e foi pelo exame de fundo de olho que o diagn\u00f3stico foi fechado. M\u00e3e e filho se mudaram de Bras\u00edlia para S\u00e3o Paulo, \u00fanica cidade onde havia o tratamento para a doen\u00e7a na \u00e9poca. Depois de nove meses e quatro tipos de quimioterapia diferentes, V\u00edtor ficou curado.&nbsp;<\/p>\n\n\n\n<p>A descoberta precoce foi crucial para o sucesso do tratamento. As sequelas que o menino tem hoje, aos oito anos de idade, s\u00e3o pequenas diante da gravidade do problema. &nbsp;&nbsp;<\/p>\n\n\n\n<p>\u201cEle tem uma perda de vis\u00e3o no olho direito mas nada que atrapalhe ele a fazer as coisas. Vida normal, joga futebol, faz tudo. Com certeza o diagn\u00f3stico precoce foi de fundamental import\u00e2ncia. Eu pude acompanhar, quando estava em S\u00e3o Paulo, alguns casos de pessoas que chegaram com a doen\u00e7a em est\u00e1gio avan\u00e7ado e muitos tiveram resultados bem ruins.\u201d&nbsp;<\/p>\n\n\n\n<p>Fonte: <a href=\"https:\/\/brasil61.com\/n\/de-olho-nos-olhinhos-campanha-conscientiza-sobre-retinoblastoma-bras239577\" target=\"_blank\" rel=\"noreferrer noopener\">Brasil 61<\/a><\/p>\n<input type=\"hidden\" id=\"baseurl\" value=\"https:\/\/noticiasregionais.com.br\"><input type=\"hidden\" id=\"audio_nonce\" value=\"533fbb67b1\">","protected":false},"excerpt":{"rendered":"<p>O nome da campanha n\u00e3o poderia ser mais esclarecedor: estar atento aos olhos para descobrir se algo est\u00e1 fora do&hellip;<\/p>\n","protected":false},"author":1,"featured_media":423,"comment_status":"closed","ping_status":"open","sticky":false,"template":"","format":"standard","meta":{"sfsi_plus_gutenberg_text_before_share":"","sfsi_plus_gutenberg_show_text_before_share":"","sfsi_plus_gutenberg_icon_type":"","sfsi_plus_gutenberg_icon_alignemt":"","sfsi_plus_gutenburg_max_per_row":"","footnotes":""},"categories":[8,12,1],"tags":[],"class_list":["post-421","post","type-post","status-publish","format-standard","has-post-thumbnail","hentry","category-brasil","category-capa","category-noticias"],"_links":{"self":[{"href":"https:\/\/noticiasregionais.com.br\/index.php?rest_route=\/wp\/v2\/posts\/421","targetHints":{"allow":["GET"]}}],"collection":[{"href":"https:\/\/noticiasregionais.com.br\/index.php?rest_route=\/wp\/v2\/posts"}],"about":[{"href":"https:\/\/noticiasregionais.com.br\/index.php?rest_route=\/wp\/v2\/types\/post"}],"author":[{"embeddable":true,"href":"https:\/\/noticiasregionais.com.br\/index.php?rest_route=\/wp\/v2\/users\/1"}],"replies":[{"embeddable":true,"href":"https:\/\/noticiasregionais.com.br\/index.php?rest_route=%2Fwp%2Fv2%2Fcomments&post=421"}],"version-history":[{"count":2,"href":"https:\/\/noticiasregionais.com.br\/index.php?rest_route=\/wp\/v2\/posts\/421\/revisions"}],"predecessor-version":[{"id":426,"href":"https:\/\/noticiasregionais.com.br\/index.php?rest_route=\/wp\/v2\/posts\/421\/revisions\/426"}],"wp:featuredmedia":[{"embeddable":true,"href":"https:\/\/noticiasregionais.com.br\/index.php?rest_route=\/wp\/v2\/media\/423"}],"wp:attachment":[{"href":"https:\/\/noticiasregionais.com.br\/index.php?rest_route=%2Fwp%2Fv2%2Fmedia&parent=421"}],"wp:term":[{"taxonomy":"category","embeddable":true,"href":"https:\/\/noticiasregionais.com.br\/index.php?rest_route=%2Fwp%2Fv2%2Fcategories&post=421"},{"taxonomy":"post_tag","embeddable":true,"href":"https:\/\/noticiasregionais.com.br\/index.php?rest_route=%2Fwp%2Fv2%2Ftags&post=421"}],"curies":[{"name":"wp","href":"https:\/\/api.w.org\/{rel}","templated":true}]}}