{"id":4210,"date":"2025-01-29T13:43:43","date_gmt":"2025-01-29T16:43:43","guid":{"rendered":"https:\/\/noticiasregionais.com.br\/?p=4210"},"modified":"2025-01-29T13:43:55","modified_gmt":"2025-01-29T16:43:55","slug":"movimento-pedagio-nao-ganha-forca-e-deputada-thainara-faria-critica-proposta-de-pedagio","status":"publish","type":"post","link":"https:\/\/noticiasregionais.com.br\/?p=4210","title":{"rendered":"Movimento &#8220;Ped\u00e1gio N\u00e3o&#8221; ganha for\u00e7a e deputada Thainara Faria critica proposta de ped\u00e1gio"},"content":{"rendered":"\n<p>O movimento &#8220;Ped\u00e1gio N\u00e3o&#8221; tem ganhado destaque na luta contra a instala\u00e7\u00e3o de um ped\u00e1gio na rodovia entre Canitar e Chavantes, no estado de S\u00e3o Paulo. Liderado por Jailton Ferreira, o movimento tem buscado apoio de parlamentares e da popula\u00e7\u00e3o para pressionar o governo estadual a reconsiderar a proposta.<\/p>\n\n\n\n<h2 class=\"wp-block-heading\">Apoio da Deputada Thainara Faria<\/h2>\n\n\n\n<p>A deputada estadual Thainara Faria recebeu Jailton Ferreira na Assembleia Legislativa e manifestou seu apoio \u00e0 causa, emitindo uma Nota de Rep\u00fadio contra a concess\u00e3o da rodovia.<\/p>\n\n\n\n<h2 class=\"wp-block-heading\">Cr\u00edticas \u00e0 Proposta do Governo<\/h2>\n\n\n\n<p>A deputada Thainara Faria questiona a justificativa apresentada pelo governo estadual para a instala\u00e7\u00e3o do ped\u00e1gio, classificando-a como &#8220;mais uma prova de incapacidade de gest\u00e3o&#8221;. Ela critica a falta de planejamento e aponta que o estado de S\u00e3o Paulo possui um dos maiores or\u00e7amentos do pa\u00eds, o que deveria garantir a manuten\u00e7\u00e3o das rodovias sem a necessidade de novas tarifas.<\/p>\n\n\n\n<h2 class=\"wp-block-heading\">Impactos Negativos do Ped\u00e1gio<\/h2>\n\n\n\n<p>O movimento destaca os impactos negativos que o ped\u00e1gio trar\u00e1 para a popula\u00e7\u00e3o, como o aumento no custo de vida e o encarecimento de produtos essenciais. O grupo ressalta que a medida afetar\u00e1 diretamente o bolso dos cidad\u00e3os, que ter\u00e3o que arcar com mais um custo em um momento de dificuldades financeiras.<\/p>\n\n\n\n<h2 class=\"wp-block-heading\">A\u00e7\u00f5es da Deputada<\/h2>\n\n\n\n<p>Thainara Faria, que integra a Comiss\u00e3o de Infraestrutura da Alesp, anunciou que ir\u00e1 questionar o governo sobre o custo-benef\u00edcio da nova concess\u00e3o. Ela pretende cobrar explica\u00e7\u00f5es e lutar para que a decis\u00e3o seja revista, buscando defender os interesses da popula\u00e7\u00e3o.<\/p>\n\n\n\n<h2 class=\"wp-block-heading\">Mobiliza\u00e7\u00e3o do Movimento &#8220;Ped\u00e1gio N\u00e3o&#8221;<\/h2>\n\n\n\n<p>O movimento &#8220;Ped\u00e1gio N\u00e3o&#8221; segue mobilizando moradores e autoridades para barrar a instala\u00e7\u00e3o do ped\u00e1gio, que \u00e9 considerado um retrocesso para a economia local e um fardo desnecess\u00e1rio para os trabalhadores da regi\u00e3o. O movimento conta com um site <a href=\"http:\/\/pedagionao.com.br\" target=\"_blank\" rel=\"noopener\">pedagionao.com.br<\/a> e uma p\u00e1gina no Facebook <a href=\"http:\/\/facebook.com\/pedagioaquinao\" target=\"_blank\" rel=\"noopener\">facebook.com\/pedagioaquinao<\/a> para divulgar suas a\u00e7\u00f5es e coletar assinaturas para um abaixo-assinado.<\/p>\n\n\n\n<h2 class=\"wp-block-heading\">Conclus\u00e3o<\/h2>\n\n\n\n<p>A luta contra a instala\u00e7\u00e3o do ped\u00e1gio entre Canitar e Chavantes tem ganhado for\u00e7a com o apoio de parlamentares como Thainara Faria e a mobiliza\u00e7\u00e3o do movimento &#8220;Ped\u00e1gio N\u00e3o&#8221;. A popula\u00e7\u00e3o tem se mostrado contr\u00e1ria \u00e0 proposta, que \u00e9 vista como mais um \u00f4nus para o seu bolso e um entrave para o desenvolvimento da regi\u00e3o.<\/p>\n<input type=\"hidden\" id=\"baseurl\" value=\"https:\/\/noticiasregionais.com.br\"><input type=\"hidden\" id=\"audio_nonce\" value=\"533fbb67b1\">","protected":false},"excerpt":{"rendered":"<p>O movimento &#8220;Ped\u00e1gio N\u00e3o&#8221; tem ganhado destaque na luta contra a instala\u00e7\u00e3o de um ped\u00e1gio na rodovia entre Canitar e&hellip;<\/p>\n","protected":false},"author":1,"featured_media":4211,"comment_status":"closed","ping_status":"open","sticky":false,"template":"","format":"standard","meta":{"sfsi_plus_gutenberg_text_before_share":"","sfsi_plus_gutenberg_show_text_before_share":"","sfsi_plus_gutenberg_icon_type":"","sfsi_plus_gutenberg_icon_alignemt":"","sfsi_plus_gutenburg_max_per_row":"","footnotes":""},"categories":[6,10,1],"tags":[],"class_list":["post-4210","post","type-post","status-publish","format-standard","has-post-thumbnail","hentry","category-sao_paulo","category-destaques","category-noticias"],"_links":{"self":[{"href":"https:\/\/noticiasregionais.com.br\/index.php?rest_route=\/wp\/v2\/posts\/4210","targetHints":{"allow":["GET"]}}],"collection":[{"href":"https:\/\/noticiasregionais.com.br\/index.php?rest_route=\/wp\/v2\/posts"}],"about":[{"href":"https:\/\/noticiasregionais.com.br\/index.php?rest_route=\/wp\/v2\/types\/post"}],"author":[{"embeddable":true,"href":"https:\/\/noticiasregionais.com.br\/index.php?rest_route=\/wp\/v2\/users\/1"}],"replies":[{"embeddable":true,"href":"https:\/\/noticiasregionais.com.br\/index.php?rest_route=%2Fwp%2Fv2%2Fcomments&post=4210"}],"version-history":[{"count":1,"href":"https:\/\/noticiasregionais.com.br\/index.php?rest_route=\/wp\/v2\/posts\/4210\/revisions"}],"predecessor-version":[{"id":4212,"href":"https:\/\/noticiasregionais.com.br\/index.php?rest_route=\/wp\/v2\/posts\/4210\/revisions\/4212"}],"wp:featuredmedia":[{"embeddable":true,"href":"https:\/\/noticiasregionais.com.br\/index.php?rest_route=\/wp\/v2\/media\/4211"}],"wp:attachment":[{"href":"https:\/\/noticiasregionais.com.br\/index.php?rest_route=%2Fwp%2Fv2%2Fmedia&parent=4210"}],"wp:term":[{"taxonomy":"category","embeddable":true,"href":"https:\/\/noticiasregionais.com.br\/index.php?rest_route=%2Fwp%2Fv2%2Fcategories&post=4210"},{"taxonomy":"post_tag","embeddable":true,"href":"https:\/\/noticiasregionais.com.br\/index.php?rest_route=%2Fwp%2Fv2%2Ftags&post=4210"}],"curies":[{"name":"wp","href":"https:\/\/api.w.org\/{rel}","templated":true}]}}