{"id":4214,"date":"2025-01-30T09:02:38","date_gmt":"2025-01-30T12:02:38","guid":{"rendered":"https:\/\/noticiasregionais.com.br\/?p=4214"},"modified":"2025-01-30T09:06:18","modified_gmt":"2025-01-30T12:06:18","slug":"prefeito-guilherme-e-equipe-atendem-antigas-demandas-da-populacao-deixadas-por-antecessores","status":"publish","type":"post","link":"https:\/\/noticiasregionais.com.br\/?p=4214","title":{"rendered":"Prefeito Guilherme e equipe atendem antigas demandas da popula\u00e7\u00e3o, deixadas por antecessores"},"content":{"rendered":"\n<p>A Prefeitura Municipal, por meio da Secretaria de Infraestrutura Urbana e Obras, concluiu recentemente importantes interven\u00e7\u00f5es em diferentes pontos da cidade, atendendo a solicita\u00e7\u00f5es antigas da popula\u00e7\u00e3o. Entre as a\u00e7\u00f5es realizadas, destaca-se a revitaliza\u00e7\u00e3o da rua Capit\u00e3o Nelson Marcelino da Silva, no Parque Pacheco Chaves. A via, que enfrentava dificuldades de tr\u00e1fego nos dias chuvosos devido ao ac\u00famulo de barro, recebeu obras para garantir melhores condi\u00e7\u00f5es de circula\u00e7\u00e3o.<\/p>\n\n\n\n<p>Al\u00e9m dessa melhoria, outras iniciativas foram conclu\u00eddas em diferentes bairros:<\/p>\n\n\n\n<ul class=\"wp-block-list\">\n<li><strong>Jardim Anchieta<\/strong>: A quadra de areia localizada na regi\u00e3o da Beira Rio passou por limpeza completa. O espa\u00e7o, antes tomado pelo mato e afetado pelo escoamento irregular da \u00e1gua da chuva, foi revitalizado e est\u00e1 novamente dispon\u00edvel para uso da comunidade.<\/li>\n\n\n\n<li><strong>Jardim Europa<\/strong>: A pra\u00e7a situada na rua Francelina Grossi Arc\u00e2ngelo recebeu dois novos postes de ilumina\u00e7\u00e3o. A a\u00e7\u00e3o foi fundamental para aumentar a seguran\u00e7a do local, beneficiando especialmente as crian\u00e7as que frequentam o parque.<\/li>\n\n\n\n<li><strong>Parque Minas Gerais<\/strong>: Seis bocas de lobo na rua Gon\u00e7alves Ledo, no cruzamento com a rua Jornalista Francisco de Almeida, foram desobstru\u00eddas. A limpeza dessas estruturas, que estavam completamente entupidas, melhorou o sistema de drenagem da regi\u00e3o, prevenindo alagamentos.<\/li>\n<\/ul>\n\n\n\n<p>A administra\u00e7\u00e3o municipal segue empenhada em atender \u00e0s demandas dos moradores e promover melhorias na infraestrutura urbana, garantindo mais seguran\u00e7a e qualidade de vida para a popula\u00e7\u00e3o.<\/p>\n\n\n\n<figure class=\"wp-block-gallery has-nested-images columns-default is-cropped wp-block-gallery-1 is-layout-flex wp-block-gallery-is-layout-flex\">\n<figure class=\"wp-block-image size-large\"><a href=\"https:\/\/noticiasregionais.com.br\/wp-content\/uploads\/2025\/01\/WhatsApp-Image-2025-01-29-at-16.35.02.jpeg\"><img decoding=\"async\" width=\"1024\" height=\"574\" data-id=\"4217\" src=\"https:\/\/noticiasregionais.com.br\/wp-content\/uploads\/2025\/01\/WhatsApp-Image-2025-01-29-at-16.35.02-1024x574.jpeg\" alt=\"\" class=\"wp-image-4217\" srcset=\"https:\/\/noticiasregionais.com.br\/wp-content\/uploads\/2025\/01\/WhatsApp-Image-2025-01-29-at-16.35.02-1024x574.jpeg 1024w, https:\/\/noticiasregionais.com.br\/wp-content\/uploads\/2025\/01\/WhatsApp-Image-2025-01-29-at-16.35.02-300x168.jpeg 300w, https:\/\/noticiasregionais.com.br\/wp-content\/uploads\/2025\/01\/WhatsApp-Image-2025-01-29-at-16.35.02-768x431.jpeg 768w, https:\/\/noticiasregionais.com.br\/wp-content\/uploads\/2025\/01\/WhatsApp-Image-2025-01-29-at-16.35.02-1536x861.jpeg 1536w, https:\/\/noticiasregionais.com.br\/wp-content\/uploads\/2025\/01\/WhatsApp-Image-2025-01-29-at-16.35.02.jpeg 1600w\" sizes=\"(max-width: 1024px) 100vw, 1024px\" \/><\/a><\/figure>\n\n\n\n<figure class=\"wp-block-image size-large\"><a href=\"https:\/\/noticiasregionais.com.br\/wp-content\/uploads\/2025\/01\/WhatsApp-Image-2025-01-29-at-16.42.06.jpeg\"><img decoding=\"async\" width=\"1024\" height=\"566\" data-id=\"4215\" src=\"https:\/\/noticiasregionais.com.br\/wp-content\/uploads\/2025\/01\/WhatsApp-Image-2025-01-29-at-16.42.06-1024x566.jpeg\" alt=\"\" class=\"wp-image-4215\" srcset=\"https:\/\/noticiasregionais.com.br\/wp-content\/uploads\/2025\/01\/WhatsApp-Image-2025-01-29-at-16.42.06-1024x566.jpeg 1024w, https:\/\/noticiasregionais.com.br\/wp-content\/uploads\/2025\/01\/WhatsApp-Image-2025-01-29-at-16.42.06-300x166.jpeg 300w, https:\/\/noticiasregionais.com.br\/wp-content\/uploads\/2025\/01\/WhatsApp-Image-2025-01-29-at-16.42.06-768x425.jpeg 768w, https:\/\/noticiasregionais.com.br\/wp-content\/uploads\/2025\/01\/WhatsApp-Image-2025-01-29-at-16.42.06-1536x850.jpeg 1536w, https:\/\/noticiasregionais.com.br\/wp-content\/uploads\/2025\/01\/WhatsApp-Image-2025-01-29-at-16.42.06.jpeg 1600w\" sizes=\"(max-width: 1024px) 100vw, 1024px\" \/><\/a><\/figure>\n\n\n\n<figure class=\"wp-block-image size-large\"><a href=\"https:\/\/noticiasregionais.com.br\/wp-content\/uploads\/2025\/01\/WhatsApp-Image-2025-01-29-at-16.42.22.jpeg\"><img decoding=\"async\" width=\"1024\" height=\"555\" data-id=\"4216\" src=\"https:\/\/noticiasregionais.com.br\/wp-content\/uploads\/2025\/01\/WhatsApp-Image-2025-01-29-at-16.42.22-1024x555.jpeg\" alt=\"\" class=\"wp-image-4216\" srcset=\"https:\/\/noticiasregionais.com.br\/wp-content\/uploads\/2025\/01\/WhatsApp-Image-2025-01-29-at-16.42.22-1024x555.jpeg 1024w, https:\/\/noticiasregionais.com.br\/wp-content\/uploads\/2025\/01\/WhatsApp-Image-2025-01-29-at-16.42.22-300x163.jpeg 300w, https:\/\/noticiasregionais.com.br\/wp-content\/uploads\/2025\/01\/WhatsApp-Image-2025-01-29-at-16.42.22-768x416.jpeg 768w, https:\/\/noticiasregionais.com.br\/wp-content\/uploads\/2025\/01\/WhatsApp-Image-2025-01-29-at-16.42.22-1536x832.jpeg 1536w, https:\/\/noticiasregionais.com.br\/wp-content\/uploads\/2025\/01\/WhatsApp-Image-2025-01-29-at-16.42.22.jpeg 1600w\" sizes=\"(max-width: 1024px) 100vw, 1024px\" \/><\/a><\/figure>\n<\/figure>\n<input type=\"hidden\" id=\"baseurl\" value=\"https:\/\/noticiasregionais.com.br\"><input type=\"hidden\" id=\"audio_nonce\" value=\"533fbb67b1\">","protected":false},"excerpt":{"rendered":"<p>A Prefeitura Municipal, por meio da Secretaria de Infraestrutura Urbana e Obras, concluiu recentemente importantes interven\u00e7\u00f5es em diferentes pontos da&hellip;<\/p>\n","protected":false},"author":1,"featured_media":4218,"comment_status":"closed","ping_status":"open","sticky":false,"template":"","format":"standard","meta":{"sfsi_plus_gutenberg_text_before_share":"","sfsi_plus_gutenberg_show_text_before_share":"","sfsi_plus_gutenberg_icon_type":"","sfsi_plus_gutenberg_icon_alignemt":"","sfsi_plus_gutenburg_max_per_row":"","footnotes":""},"categories":[5,12,1],"tags":[],"class_list":["post-4214","post","type-post","status-publish","format-standard","has-post-thumbnail","hentry","category-ourinhos","category-capa","category-noticias"],"_links":{"self":[{"href":"https:\/\/noticiasregionais.com.br\/index.php?rest_route=\/wp\/v2\/posts\/4214","targetHints":{"allow":["GET"]}}],"collection":[{"href":"https:\/\/noticiasregionais.com.br\/index.php?rest_route=\/wp\/v2\/posts"}],"about":[{"href":"https:\/\/noticiasregionais.com.br\/index.php?rest_route=\/wp\/v2\/types\/post"}],"author":[{"embeddable":true,"href":"https:\/\/noticiasregionais.com.br\/index.php?rest_route=\/wp\/v2\/users\/1"}],"replies":[{"embeddable":true,"href":"https:\/\/noticiasregionais.com.br\/index.php?rest_route=%2Fwp%2Fv2%2Fcomments&post=4214"}],"version-history":[{"count":2,"href":"https:\/\/noticiasregionais.com.br\/index.php?rest_route=\/wp\/v2\/posts\/4214\/revisions"}],"predecessor-version":[{"id":4220,"href":"https:\/\/noticiasregionais.com.br\/index.php?rest_route=\/wp\/v2\/posts\/4214\/revisions\/4220"}],"wp:featuredmedia":[{"embeddable":true,"href":"https:\/\/noticiasregionais.com.br\/index.php?rest_route=\/wp\/v2\/media\/4218"}],"wp:attachment":[{"href":"https:\/\/noticiasregionais.com.br\/index.php?rest_route=%2Fwp%2Fv2%2Fmedia&parent=4214"}],"wp:term":[{"taxonomy":"category","embeddable":true,"href":"https:\/\/noticiasregionais.com.br\/index.php?rest_route=%2Fwp%2Fv2%2Fcategories&post=4214"},{"taxonomy":"post_tag","embeddable":true,"href":"https:\/\/noticiasregionais.com.br\/index.php?rest_route=%2Fwp%2Fv2%2Ftags&post=4214"}],"curies":[{"name":"wp","href":"https:\/\/api.w.org\/{rel}","templated":true}]}}