{"id":4221,"date":"2025-01-30T10:39:40","date_gmt":"2025-01-30T13:39:40","guid":{"rendered":"https:\/\/noticiasregionais.com.br\/?p=4221"},"modified":"2025-01-30T10:39:52","modified_gmt":"2025-01-30T13:39:52","slug":"salto-grande-realiza-mutirao-de-limpeza-contra-a-dengue","status":"publish","type":"post","link":"https:\/\/noticiasregionais.com.br\/?p=4221","title":{"rendered":"Salto Grande realiza mutir\u00e3o de limpeza contra a dengue"},"content":{"rendered":"\n<p>A Prefeitura de Salto Grande, por meio do Departamento de Sa\u00fade, est\u00e1 intensificando as a\u00e7\u00f5es de combate ao mosquito Aedes aegypti com a campanha <strong>&#8220;Mutir\u00e3o Contra a Dengue&#8221;<\/strong>. A iniciativa tem como objetivo eliminar poss\u00edveis criadouros do mosquito transmissor da doen\u00e7a, mobilizando a popula\u00e7\u00e3o para o descarte correto de materiais que acumulam \u00e1gua.<\/p>\n\n\n\n<p>Nesta primeira etapa, a a\u00e7\u00e3o contemplar\u00e1 os bairros <strong>Vila Volga, Bugre, Jardim Thayn\u00e1 e Vila S\u00e3o Paulo<\/strong>. Os moradores dessas regi\u00f5es devem separar e descartar at\u00e9 <strong>domingo, 02 de fevereiro<\/strong>, objetos como <strong>latas, potes, pl\u00e1sticos, lonas, garrafas, pneus, vasos, pias e brinquedos velhos<\/strong>, entre outros itens que possam servir de abrigo para o mosquito.<\/p>\n\n\n\n<p>A Prefeitura refor\u00e7a que <strong>apenas materiais com potencial de ac\u00famulo de \u00e1gua ser\u00e3o recolhidos<\/strong>, seguindo o cronograma especial da campanha. O servi\u00e7o de coleta de entulhos continuar\u00e1 sendo realizado separadamente, conforme planejamento habitual.<\/p>\n\n\n\n<p>A administra\u00e7\u00e3o municipal destaca a import\u00e2ncia da participa\u00e7\u00e3o da popula\u00e7\u00e3o para evitar a prolifera\u00e7\u00e3o do Aedes aegypti e, consequentemente, reduzir os casos de dengue na cidade. \u201cEssa \u00e9 uma a\u00e7\u00e3o coletiva. Contamos com o engajamento de todos para manter Salto Grande mais limpa e protegida contra a doen\u00e7a\u201d, enfatiza a equipe do Departamento de Sa\u00fade.<\/p>\n\n\n\n<p>\ud83d\udeae <strong>Mutir\u00e3o Contra a Dengue<\/strong><br>\ud83d\udccd Bairros atendidos: Vila Volga, Bugre, Jardim Thayn\u00e1 e Vila S\u00e3o Paulo<br>\ud83d\udcc5 <strong>Prazo para descarte: at\u00e9 domingo, 02 de fevereiro<\/strong><br>\u26a0\ufe0f <strong>Apenas materiais que acumulam \u00e1gua ser\u00e3o recolhidos<\/strong><\/p>\n\n\n\n<p>A Prefeitura refor\u00e7a a import\u00e2ncia de eliminar focos da dengue e pede o apoio dos moradores nessa mobiliza\u00e7\u00e3o. <strong>Fa\u00e7a sua parte e contribua para um ambiente mais seguro e saud\u00e1vel!<\/strong><\/p>\n<input type=\"hidden\" id=\"baseurl\" value=\"https:\/\/noticiasregionais.com.br\"><input type=\"hidden\" id=\"audio_nonce\" value=\"533fbb67b1\">","protected":false},"excerpt":{"rendered":"<p>A Prefeitura de Salto Grande, por meio do Departamento de Sa\u00fade, est\u00e1 intensificando as a\u00e7\u00f5es de combate ao mosquito Aedes&hellip;<\/p>\n","protected":false},"author":1,"featured_media":4222,"comment_status":"closed","ping_status":"open","sticky":false,"template":"","format":"standard","meta":{"sfsi_plus_gutenberg_text_before_share":"","sfsi_plus_gutenberg_show_text_before_share":"","sfsi_plus_gutenberg_icon_type":"","sfsi_plus_gutenberg_icon_alignemt":"","sfsi_plus_gutenburg_max_per_row":"","footnotes":""},"categories":[6,10,1],"tags":[],"class_list":["post-4221","post","type-post","status-publish","format-standard","has-post-thumbnail","hentry","category-sao_paulo","category-destaques","category-noticias"],"_links":{"self":[{"href":"https:\/\/noticiasregionais.com.br\/index.php?rest_route=\/wp\/v2\/posts\/4221","targetHints":{"allow":["GET"]}}],"collection":[{"href":"https:\/\/noticiasregionais.com.br\/index.php?rest_route=\/wp\/v2\/posts"}],"about":[{"href":"https:\/\/noticiasregionais.com.br\/index.php?rest_route=\/wp\/v2\/types\/post"}],"author":[{"embeddable":true,"href":"https:\/\/noticiasregionais.com.br\/index.php?rest_route=\/wp\/v2\/users\/1"}],"replies":[{"embeddable":true,"href":"https:\/\/noticiasregionais.com.br\/index.php?rest_route=%2Fwp%2Fv2%2Fcomments&post=4221"}],"version-history":[{"count":1,"href":"https:\/\/noticiasregionais.com.br\/index.php?rest_route=\/wp\/v2\/posts\/4221\/revisions"}],"predecessor-version":[{"id":4223,"href":"https:\/\/noticiasregionais.com.br\/index.php?rest_route=\/wp\/v2\/posts\/4221\/revisions\/4223"}],"wp:featuredmedia":[{"embeddable":true,"href":"https:\/\/noticiasregionais.com.br\/index.php?rest_route=\/wp\/v2\/media\/4222"}],"wp:attachment":[{"href":"https:\/\/noticiasregionais.com.br\/index.php?rest_route=%2Fwp%2Fv2%2Fmedia&parent=4221"}],"wp:term":[{"taxonomy":"category","embeddable":true,"href":"https:\/\/noticiasregionais.com.br\/index.php?rest_route=%2Fwp%2Fv2%2Fcategories&post=4221"},{"taxonomy":"post_tag","embeddable":true,"href":"https:\/\/noticiasregionais.com.br\/index.php?rest_route=%2Fwp%2Fv2%2Ftags&post=4221"}],"curies":[{"name":"wp","href":"https:\/\/api.w.org\/{rel}","templated":true}]}}