{"id":4224,"date":"2025-02-02T09:50:36","date_gmt":"2025-02-02T12:50:36","guid":{"rendered":"https:\/\/noticiasregionais.com.br\/?p=4224"},"modified":"2025-02-02T09:50:48","modified_gmt":"2025-02-02T12:50:48","slug":"policiais-militares-prendem-suspeitos-de-tentativa-de-furto-de-gado-em-jacarezinho","status":"publish","type":"post","link":"https:\/\/noticiasregionais.com.br\/?p=4224","title":{"rendered":"Policiais Militares prendem suspeitos de tentativa de furto de gado em Jacarezinho"},"content":{"rendered":"\n<p>Na tarde da \u00faltima quinta-feira (30), policiais militares do 2\u00ba Batalh\u00e3o de Pol\u00edcia Militar do Paran\u00e1 (PMPR) prenderam dois suspeitos de tentativa de furto de gado no bairro Laranjal, zona rural de Jacarezinho\/PR. A a\u00e7\u00e3o ocorreu ap\u00f3s um chamado de emerg\u00eancia feito pelo propriet\u00e1rio da fazenda, que flagrou os indiv\u00edduos no momento do crime.<\/p>\n\n\n\n<p>De acordo com o relato da v\u00edtima, os suspeitos tentaram rend\u00ea-lo ao perceberem que haviam sido descobertos. Diante da amea\u00e7a, o fazendeiro conseguiu fugir e acionou a Pol\u00edcia Militar. Imediatamente, equipes foram deslocadas at\u00e9 o local para averigua\u00e7\u00e3o.<\/p>\n\n\n\n<p>Durante as buscas, os policiais localizaram dois dos suspeitos nas proximidades do crime. Eles foram abordados e reconhecidos pela v\u00edtima. Um dos detidos era foragido do sistema prisional do Estado de S\u00e3o Paulo e possu\u00eda um mandado de pris\u00e3o em aberto. O outro envolvido, menor de idade, tamb\u00e9m foi identificado. Um terceiro indiv\u00edduo conseguiu fugir antes da chegada dos agentes.<\/p>\n\n\n\n<p>Com os suspeitos, os policiais apreenderam uma mochila contendo ferramentas utilizadas para danificar a cerca da propriedade e separar o gado, facilitando a subtra\u00e7\u00e3o dos animais. Diante dos fatos, os dois detidos foram encaminhados \u00e0 Delegacia de Pol\u00edcia de Jacarezinho para as provid\u00eancias cab\u00edveis.<\/p>\n\n\n\n<p>As autoridades seguem investigando o caso para localizar o terceiro envolvido e apurar se h\u00e1 liga\u00e7\u00e3o com outros crimes na regi\u00e3o.<\/p>\n\n\n<div class=\"wp-block-image\">\n<figure class=\"aligncenter size-large\"><img decoding=\"async\" width=\"611\" height=\"1024\" src=\"https:\/\/noticiasregionais.com.br\/wp-content\/uploads\/2025\/02\/WhatsApp-Image-2025-01-31-at-11.50.44-611x1024.jpeg\" alt=\"\" class=\"wp-image-4225\" srcset=\"https:\/\/noticiasregionais.com.br\/wp-content\/uploads\/2025\/02\/WhatsApp-Image-2025-01-31-at-11.50.44-611x1024.jpeg 611w, https:\/\/noticiasregionais.com.br\/wp-content\/uploads\/2025\/02\/WhatsApp-Image-2025-01-31-at-11.50.44-179x300.jpeg 179w, https:\/\/noticiasregionais.com.br\/wp-content\/uploads\/2025\/02\/WhatsApp-Image-2025-01-31-at-11.50.44-768x1287.jpeg 768w, https:\/\/noticiasregionais.com.br\/wp-content\/uploads\/2025\/02\/WhatsApp-Image-2025-01-31-at-11.50.44-917x1536.jpeg 917w, https:\/\/noticiasregionais.com.br\/wp-content\/uploads\/2025\/02\/WhatsApp-Image-2025-01-31-at-11.50.44.jpeg 955w\" sizes=\"(max-width: 611px) 100vw, 611px\" \/><\/figure>\n<\/div><input type=\"hidden\" id=\"baseurl\" value=\"https:\/\/noticiasregionais.com.br\"><input type=\"hidden\" id=\"audio_nonce\" value=\"533fbb67b1\">","protected":false},"excerpt":{"rendered":"<p>Na tarde da \u00faltima quinta-feira (30), policiais militares do 2\u00ba Batalh\u00e3o de Pol\u00edcia Militar do Paran\u00e1 (PMPR) prenderam dois suspeitos&hellip;<\/p>\n","protected":false},"author":1,"featured_media":4226,"comment_status":"closed","ping_status":"open","sticky":false,"template":"","format":"standard","meta":{"sfsi_plus_gutenberg_text_before_share":"","sfsi_plus_gutenberg_show_text_before_share":"","sfsi_plus_gutenberg_icon_type":"","sfsi_plus_gutenberg_icon_alignemt":"","sfsi_plus_gutenburg_max_per_row":"","footnotes":""},"categories":[7,10,1],"tags":[],"class_list":["post-4224","post","type-post","status-publish","format-standard","has-post-thumbnail","hentry","category-parana","category-destaques","category-noticias"],"_links":{"self":[{"href":"https:\/\/noticiasregionais.com.br\/index.php?rest_route=\/wp\/v2\/posts\/4224","targetHints":{"allow":["GET"]}}],"collection":[{"href":"https:\/\/noticiasregionais.com.br\/index.php?rest_route=\/wp\/v2\/posts"}],"about":[{"href":"https:\/\/noticiasregionais.com.br\/index.php?rest_route=\/wp\/v2\/types\/post"}],"author":[{"embeddable":true,"href":"https:\/\/noticiasregionais.com.br\/index.php?rest_route=\/wp\/v2\/users\/1"}],"replies":[{"embeddable":true,"href":"https:\/\/noticiasregionais.com.br\/index.php?rest_route=%2Fwp%2Fv2%2Fcomments&post=4224"}],"version-history":[{"count":1,"href":"https:\/\/noticiasregionais.com.br\/index.php?rest_route=\/wp\/v2\/posts\/4224\/revisions"}],"predecessor-version":[{"id":4227,"href":"https:\/\/noticiasregionais.com.br\/index.php?rest_route=\/wp\/v2\/posts\/4224\/revisions\/4227"}],"wp:featuredmedia":[{"embeddable":true,"href":"https:\/\/noticiasregionais.com.br\/index.php?rest_route=\/wp\/v2\/media\/4226"}],"wp:attachment":[{"href":"https:\/\/noticiasregionais.com.br\/index.php?rest_route=%2Fwp%2Fv2%2Fmedia&parent=4224"}],"wp:term":[{"taxonomy":"category","embeddable":true,"href":"https:\/\/noticiasregionais.com.br\/index.php?rest_route=%2Fwp%2Fv2%2Fcategories&post=4224"},{"taxonomy":"post_tag","embeddable":true,"href":"https:\/\/noticiasregionais.com.br\/index.php?rest_route=%2Fwp%2Fv2%2Ftags&post=4224"}],"curies":[{"name":"wp","href":"https:\/\/api.w.org\/{rel}","templated":true}]}}