{"id":4229,"date":"2025-02-02T11:22:24","date_gmt":"2025-02-02T14:22:24","guid":{"rendered":"https:\/\/noticiasregionais.com.br\/?p=4229"},"modified":"2025-02-02T11:22:29","modified_gmt":"2025-02-02T14:22:29","slug":"vice-prefeito-alexandre-zoio-participa-de-encontro-com-a-santa-casa-de-ourinhos-e-parlamentares","status":"publish","type":"post","link":"https:\/\/noticiasregionais.com.br\/?p=4229","title":{"rendered":"Vice-prefeito Alexandre Z\u00f3io participa de encontro com a Santa Casa de Ourinhos e parlamentares"},"content":{"rendered":"\n<p>Na \u00faltima quinta-feira, 30 de janeiro, a Santa Casa de Ourinhos recebeu a visita de importantes lideran\u00e7as pol\u00edticas e representantes do setor privado. O encontro, realizado no Espa\u00e7o Gourmet do hospital, teve como objetivo fortalecer o apoio \u00e0 institui\u00e7\u00e3o e estreitar la\u00e7os entre os envolvidos.<\/p>\n\n\n\n<p>Entre os presentes estavam o Deputado Federal Arnaldo Jardim, o Deputado Estadual Mauro Bragato e o Diretor T\u00e9cnico do Sebrae SP, Marco Vinholi. Tamb\u00e9m compareceram ao evento o vice-prefeito de Ourinhos, Alexandre Z\u00f3io, o vereador Sargento S\u00e9rgio e demais autoridades da cidade e da regi\u00e3o. A recep\u00e7\u00e3o foi conduzida pelo presidente da Santa Casa de Ourinhos, Celso Zanuto.<\/p>\n\n\n\n<p>Reconhecidos por suas contribui\u00e7\u00f5es para a Santa Casa, os deputados e o diretor do Sebrae SP foram homenageados com uma placa de reconhecimento. A honraria simboliza o agradecimento da institui\u00e7\u00e3o pelo apoio prestado por meio de recursos e projetos que t\u00eam fortalecido o atendimento \u00e0 popula\u00e7\u00e3o.<\/p>\n\n\n\n<p>A iniciativa refor\u00e7a o comprometimento das autoridades com a melhoria da sa\u00fade p\u00fablica regional e a constante evolu\u00e7\u00e3o da Santa Casa de Ourinhos como refer\u00eancia no atendimento hospitalar.<\/p>\n\n\n\n<figure class=\"wp-block-image size-large\"><img decoding=\"async\" width=\"1024\" height=\"682\" src=\"https:\/\/noticiasregionais.com.br\/wp-content\/uploads\/2025\/02\/WhatsApp-Image-2025-01-31-at-10.37.33-1024x682.jpeg\" alt=\"\" class=\"wp-image-4230\" srcset=\"https:\/\/noticiasregionais.com.br\/wp-content\/uploads\/2025\/02\/WhatsApp-Image-2025-01-31-at-10.37.33-1024x682.jpeg 1024w, https:\/\/noticiasregionais.com.br\/wp-content\/uploads\/2025\/02\/WhatsApp-Image-2025-01-31-at-10.37.33-300x200.jpeg 300w, https:\/\/noticiasregionais.com.br\/wp-content\/uploads\/2025\/02\/WhatsApp-Image-2025-01-31-at-10.37.33-768x512.jpeg 768w, https:\/\/noticiasregionais.com.br\/wp-content\/uploads\/2025\/02\/WhatsApp-Image-2025-01-31-at-10.37.33-1536x1023.jpeg 1536w, https:\/\/noticiasregionais.com.br\/wp-content\/uploads\/2025\/02\/WhatsApp-Image-2025-01-31-at-10.37.33.jpeg 1600w\" sizes=\"(max-width: 1024px) 100vw, 1024px\" \/><\/figure>\n<input type=\"hidden\" id=\"baseurl\" value=\"https:\/\/noticiasregionais.com.br\"><input type=\"hidden\" id=\"audio_nonce\" value=\"533fbb67b1\">","protected":false},"excerpt":{"rendered":"<p>Na \u00faltima quinta-feira, 30 de janeiro, a Santa Casa de Ourinhos recebeu a visita de importantes lideran\u00e7as pol\u00edticas e representantes&hellip;<\/p>\n","protected":false},"author":1,"featured_media":4231,"comment_status":"closed","ping_status":"open","sticky":false,"template":"","format":"standard","meta":{"sfsi_plus_gutenberg_text_before_share":"","sfsi_plus_gutenberg_show_text_before_share":"","sfsi_plus_gutenberg_icon_type":"","sfsi_plus_gutenberg_icon_alignemt":"","sfsi_plus_gutenburg_max_per_row":"","footnotes":""},"categories":[5,12,1],"tags":[],"class_list":["post-4229","post","type-post","status-publish","format-standard","has-post-thumbnail","hentry","category-ourinhos","category-capa","category-noticias"],"_links":{"self":[{"href":"https:\/\/noticiasregionais.com.br\/index.php?rest_route=\/wp\/v2\/posts\/4229","targetHints":{"allow":["GET"]}}],"collection":[{"href":"https:\/\/noticiasregionais.com.br\/index.php?rest_route=\/wp\/v2\/posts"}],"about":[{"href":"https:\/\/noticiasregionais.com.br\/index.php?rest_route=\/wp\/v2\/types\/post"}],"author":[{"embeddable":true,"href":"https:\/\/noticiasregionais.com.br\/index.php?rest_route=\/wp\/v2\/users\/1"}],"replies":[{"embeddable":true,"href":"https:\/\/noticiasregionais.com.br\/index.php?rest_route=%2Fwp%2Fv2%2Fcomments&post=4229"}],"version-history":[{"count":1,"href":"https:\/\/noticiasregionais.com.br\/index.php?rest_route=\/wp\/v2\/posts\/4229\/revisions"}],"predecessor-version":[{"id":4232,"href":"https:\/\/noticiasregionais.com.br\/index.php?rest_route=\/wp\/v2\/posts\/4229\/revisions\/4232"}],"wp:featuredmedia":[{"embeddable":true,"href":"https:\/\/noticiasregionais.com.br\/index.php?rest_route=\/wp\/v2\/media\/4231"}],"wp:attachment":[{"href":"https:\/\/noticiasregionais.com.br\/index.php?rest_route=%2Fwp%2Fv2%2Fmedia&parent=4229"}],"wp:term":[{"taxonomy":"category","embeddable":true,"href":"https:\/\/noticiasregionais.com.br\/index.php?rest_route=%2Fwp%2Fv2%2Fcategories&post=4229"},{"taxonomy":"post_tag","embeddable":true,"href":"https:\/\/noticiasregionais.com.br\/index.php?rest_route=%2Fwp%2Fv2%2Ftags&post=4229"}],"curies":[{"name":"wp","href":"https:\/\/api.w.org\/{rel}","templated":true}]}}