{"id":4233,"date":"2025-02-02T11:26:34","date_gmt":"2025-02-02T14:26:34","guid":{"rendered":"https:\/\/noticiasregionais.com.br\/?p=4233"},"modified":"2025-02-02T11:26:38","modified_gmt":"2025-02-02T14:26:38","slug":"prf-atende-acidente-com-vitima-em-cornelio-procopio","status":"publish","type":"post","link":"https:\/\/noticiasregionais.com.br\/?p=4233","title":{"rendered":"PRF atende acidente com v\u00edtima em Corn\u00e9lio Proc\u00f3pio"},"content":{"rendered":"\n<p>Na manh\u00e3 de s\u00e1bado, 1\u00ba de fevereiro de 2025, por volta das 6h, a Pol\u00edcia Rodovi\u00e1ria Federal (PRF) atendeu a um sinistro de tr\u00e2nsito no km 90,7 da BR-369, no munic\u00edpio de Corn\u00e9lio Proc\u00f3pio, Paran\u00e1. O acidente, do tipo colis\u00e3o transversal, envolveu uma motocicleta e um ve\u00edculo automotor.<\/p>\n\n\n\n<p>O incidente ocorreu quando a motociclista tentou cruzar a via utilizando o trevo de acesso \u00e0s cidades de Sertaneja e Le\u00f3polis, colidindo transversalmente com um ve\u00edculo que trafegava no sentido decrescente da rodovia. Devido ao impacto da colis\u00e3o, a condutora da motocicleta sofreu les\u00f5es graves.<\/p>\n\n\n\n<p>A v\u00edtima foi prontamente socorrida pelo Servi\u00e7o Integrado de Atendimento ao Trauma em Emerg\u00eancia (SIATE), vinculado ao Corpo de Bombeiros de Corn\u00e9lio Proc\u00f3pio, e encaminhada \u00e0 Santa Casa do munic\u00edpio para receber atendimento m\u00e9dico.<\/p>\n\n\n\n<p>A PRF esteve no local para realizar o atendimento da ocorr\u00eancia, controlar o fluxo do tr\u00e2nsito e confeccionar o Laudo de Acidente de Tr\u00e2nsito (LPAT), cumprindo assim suas atribui\u00e7\u00f5es na gest\u00e3o da seguran\u00e7a vi\u00e1ria.<\/p>\n<input type=\"hidden\" id=\"baseurl\" value=\"https:\/\/noticiasregionais.com.br\"><input type=\"hidden\" id=\"audio_nonce\" value=\"3cdc555a10\">","protected":false},"excerpt":{"rendered":"<p>Na manh\u00e3 de s\u00e1bado, 1\u00ba de fevereiro de 2025, por volta das 6h, a Pol\u00edcia Rodovi\u00e1ria Federal (PRF) atendeu a&hellip;<\/p>\n","protected":false},"author":1,"featured_media":4234,"comment_status":"closed","ping_status":"open","sticky":false,"template":"","format":"standard","meta":{"sfsi_plus_gutenberg_text_before_share":"","sfsi_plus_gutenberg_show_text_before_share":"","sfsi_plus_gutenberg_icon_type":"","sfsi_plus_gutenberg_icon_alignemt":"","sfsi_plus_gutenburg_max_per_row":"","footnotes":""},"categories":[7,10,1],"tags":[],"class_list":["post-4233","post","type-post","status-publish","format-standard","has-post-thumbnail","hentry","category-parana","category-destaques","category-noticias"],"_links":{"self":[{"href":"https:\/\/noticiasregionais.com.br\/index.php?rest_route=\/wp\/v2\/posts\/4233","targetHints":{"allow":["GET"]}}],"collection":[{"href":"https:\/\/noticiasregionais.com.br\/index.php?rest_route=\/wp\/v2\/posts"}],"about":[{"href":"https:\/\/noticiasregionais.com.br\/index.php?rest_route=\/wp\/v2\/types\/post"}],"author":[{"embeddable":true,"href":"https:\/\/noticiasregionais.com.br\/index.php?rest_route=\/wp\/v2\/users\/1"}],"replies":[{"embeddable":true,"href":"https:\/\/noticiasregionais.com.br\/index.php?rest_route=%2Fwp%2Fv2%2Fcomments&post=4233"}],"version-history":[{"count":1,"href":"https:\/\/noticiasregionais.com.br\/index.php?rest_route=\/wp\/v2\/posts\/4233\/revisions"}],"predecessor-version":[{"id":4235,"href":"https:\/\/noticiasregionais.com.br\/index.php?rest_route=\/wp\/v2\/posts\/4233\/revisions\/4235"}],"wp:featuredmedia":[{"embeddable":true,"href":"https:\/\/noticiasregionais.com.br\/index.php?rest_route=\/wp\/v2\/media\/4234"}],"wp:attachment":[{"href":"https:\/\/noticiasregionais.com.br\/index.php?rest_route=%2Fwp%2Fv2%2Fmedia&parent=4233"}],"wp:term":[{"taxonomy":"category","embeddable":true,"href":"https:\/\/noticiasregionais.com.br\/index.php?rest_route=%2Fwp%2Fv2%2Fcategories&post=4233"},{"taxonomy":"post_tag","embeddable":true,"href":"https:\/\/noticiasregionais.com.br\/index.php?rest_route=%2Fwp%2Fv2%2Ftags&post=4233"}],"curies":[{"name":"wp","href":"https:\/\/api.w.org\/{rel}","templated":true}]}}