{"id":4236,"date":"2025-02-02T11:30:56","date_gmt":"2025-02-02T14:30:56","guid":{"rendered":"https:\/\/noticiasregionais.com.br\/?p=4236"},"modified":"2025-02-02T11:31:08","modified_gmt":"2025-02-02T14:31:08","slug":"ace-ourinhos-firma-parceria-com-gm-e-oferece-descontos-de-ate-425-para-associados","status":"publish","type":"post","link":"https:\/\/noticiasregionais.com.br\/?p=4236","title":{"rendered":"ACE Ourinhos firma parceria com GM e oferece descontos de at\u00e9 42,5% para associados"},"content":{"rendered":"\n<p>A Associa\u00e7\u00e3o Comercial e Empresarial de Ourinhos (ACE) anunciou uma parceria in\u00e9dita com a General Motors, garantindo aos seus associados descontos de at\u00e9 42,5% na compra de ve\u00edculos da marca Chevrolet. O lan\u00e7amento do Programa Parceiros Chevrolet ocorreu na noite de ontem (30) durante um evento promovido pela ACE Ourinhos e Ouricar.<\/p>\n\n\n\n<p>Com essa parceria, todos os associados da ACE ter\u00e3o acesso a condi\u00e7\u00f5es especiais na aquisi\u00e7\u00e3o de ve\u00edculos Chevrolet, com descontos aplicados sobre a tabela p\u00fablica da montadora. Os percentuais variam conforme o modelo escolhido, chegando ao m\u00e1ximo de 42,5%.<\/p>\n\n\n\n<p>\u201cEsse benef\u00edcio exclusivo ser\u00e1 um grande diferencial para os empreendedores da regi\u00e3o. Nosso objetivo \u00e9 fomentar o desenvolvimento econ\u00f4mico local e oferecer vantagens reais aos nossos associados\u201d, destacou o presidente da ACE, Eng\u00ba Robson Martuchi.<\/p>\n\n\n\n<p>Por exemplo, um Chevrolet Montana LTZ 1.2 turbo, que tem pre\u00e7o de tabela de R$ 161.790,00, pode ser adquirido por R$ 132.626,00 com os descontos da parceria. \u201cOs descontos s\u00e3o superiores aos oferecidos para PCD, taxistas e CNPJ, tornando essa uma oportunidade \u00fanica para nossos associados\u201d, ressaltou Martuchi durante o evento realizado na Ouricar em parceria com Cantarello.<\/p>\n\n\n\n<p>Para usufruir do benef\u00edcio, os empres\u00e1rios precisam ser associados da ACE Ourinhos e manter o ve\u00edculo adquirido por pelo menos seis meses.<\/p>\n<input type=\"hidden\" id=\"baseurl\" value=\"https:\/\/noticiasregionais.com.br\"><input type=\"hidden\" id=\"audio_nonce\" value=\"533fbb67b1\">","protected":false},"excerpt":{"rendered":"<p>A Associa\u00e7\u00e3o Comercial e Empresarial de Ourinhos (ACE) anunciou uma parceria in\u00e9dita com a General Motors, garantindo aos seus associados&hellip;<\/p>\n","protected":false},"author":1,"featured_media":4237,"comment_status":"closed","ping_status":"open","sticky":false,"template":"","format":"standard","meta":{"sfsi_plus_gutenberg_text_before_share":"","sfsi_plus_gutenberg_show_text_before_share":"","sfsi_plus_gutenberg_icon_type":"","sfsi_plus_gutenberg_icon_alignemt":"","sfsi_plus_gutenburg_max_per_row":"","footnotes":""},"categories":[5,10,1],"tags":[],"class_list":["post-4236","post","type-post","status-publish","format-standard","has-post-thumbnail","hentry","category-ourinhos","category-destaques","category-noticias"],"_links":{"self":[{"href":"https:\/\/noticiasregionais.com.br\/index.php?rest_route=\/wp\/v2\/posts\/4236","targetHints":{"allow":["GET"]}}],"collection":[{"href":"https:\/\/noticiasregionais.com.br\/index.php?rest_route=\/wp\/v2\/posts"}],"about":[{"href":"https:\/\/noticiasregionais.com.br\/index.php?rest_route=\/wp\/v2\/types\/post"}],"author":[{"embeddable":true,"href":"https:\/\/noticiasregionais.com.br\/index.php?rest_route=\/wp\/v2\/users\/1"}],"replies":[{"embeddable":true,"href":"https:\/\/noticiasregionais.com.br\/index.php?rest_route=%2Fwp%2Fv2%2Fcomments&post=4236"}],"version-history":[{"count":1,"href":"https:\/\/noticiasregionais.com.br\/index.php?rest_route=\/wp\/v2\/posts\/4236\/revisions"}],"predecessor-version":[{"id":4238,"href":"https:\/\/noticiasregionais.com.br\/index.php?rest_route=\/wp\/v2\/posts\/4236\/revisions\/4238"}],"wp:featuredmedia":[{"embeddable":true,"href":"https:\/\/noticiasregionais.com.br\/index.php?rest_route=\/wp\/v2\/media\/4237"}],"wp:attachment":[{"href":"https:\/\/noticiasregionais.com.br\/index.php?rest_route=%2Fwp%2Fv2%2Fmedia&parent=4236"}],"wp:term":[{"taxonomy":"category","embeddable":true,"href":"https:\/\/noticiasregionais.com.br\/index.php?rest_route=%2Fwp%2Fv2%2Fcategories&post=4236"},{"taxonomy":"post_tag","embeddable":true,"href":"https:\/\/noticiasregionais.com.br\/index.php?rest_route=%2Fwp%2Fv2%2Ftags&post=4236"}],"curies":[{"name":"wp","href":"https:\/\/api.w.org\/{rel}","templated":true}]}}