{"id":4240,"date":"2025-02-03T08:56:35","date_gmt":"2025-02-03T11:56:35","guid":{"rendered":"https:\/\/noticiasregionais.com.br\/?p=4240"},"modified":"2025-02-03T08:56:47","modified_gmt":"2025-02-03T11:56:47","slug":"homem-e-preso-por-trafico-de-drogas-e-posse-ilegal-de-arma-em-barra-bonita","status":"publish","type":"post","link":"https:\/\/noticiasregionais.com.br\/?p=4240","title":{"rendered":"Homem \u00e9 preso por tr\u00e1fico de drogas e posse ilegal de arma em Barra Bonita"},"content":{"rendered":"\n<p>Na \u00faltima sexta-feira (31) por volta das 18h30, uma opera\u00e7\u00e3o conduzida pelo 13\u00ba Batalh\u00e3o de A\u00e7\u00f5es Especiais de Pol\u00edcia (BAEP) resultou na pris\u00e3o de um homem de 35 anos, j\u00e1 conhecido pelas autoridades por envolvimento com tr\u00e1fico de drogas e porte ilegal de arma. A a\u00e7\u00e3o contou com a participa\u00e7\u00e3o do 2\u00ba Pelot\u00e3o Vespertino, 3\u00ba Pelot\u00e3o e da equipe Hipo Bauru, em parceria com o setor de A\u00e7\u00f5es Especiais do batalh\u00e3o.<\/p>\n\n\n\n<p>Durante o patrulhamento na Rua Ant\u00f4nio Fazzio, no bairro Nova Barra, os agentes identificaram o suspeito, que, ao notar a aproxima\u00e7\u00e3o da viatura, tentou escapar correndo para dentro de uma resid\u00eancia. Ele chegou a pular o muro para fugir, mas foi alcan\u00e7ado e detido em uma casa vizinha. No momento da abordagem, houve resist\u00eancia, exigindo o uso de for\u00e7a moderada para cont\u00ea-lo e garantir a seguran\u00e7a dos envolvidos.<\/p>\n\n\n\n<p>Ap\u00f3s ser preso, o indiv\u00edduo indicou aos policiais a localiza\u00e7\u00e3o de uma bolsa preta escondida em seu quarto. Dentro do objeto, foram encontrados entorpecentes e um rev\u00f3lver calibre .38, municiado com seis proj\u00e9teis \u2013 cinco intactos.<\/p>\n\n\n\n<p>Encaminhado \u00e0 Central de Pol\u00edcia Judici\u00e1ria (CPJ) de Ja\u00fa, o suspeito permanece \u00e0 disposi\u00e7\u00e3o da Justi\u00e7a. A opera\u00e7\u00e3o resultou na apreens\u00e3o dos seguintes itens:<\/p>\n\n\n\n<ul class=\"wp-block-list\">\n<li>186 eppendorfs transparentes;<\/li>\n\n\n\n<li>186 eppendorfs amarelos;<\/li>\n\n\n\n<li>108 pedras de crack;<\/li>\n\n\n\n<li>01 rev\u00f3lver calibre .38;<\/li>\n\n\n\n<li>06 muni\u00e7\u00f5es calibre .38;<\/li>\n\n\n\n<li>01 aparelho celular.<\/li>\n<\/ul>\n\n\n\n<p>As investiga\u00e7\u00f5es seguem em andamento para identificar poss\u00edveis conex\u00f5es do preso com o crime organizado.<\/p>\n<input type=\"hidden\" id=\"baseurl\" value=\"https:\/\/noticiasregionais.com.br\"><input type=\"hidden\" id=\"audio_nonce\" value=\"533fbb67b1\">","protected":false},"excerpt":{"rendered":"<p>Na \u00faltima sexta-feira (31) por volta das 18h30, uma opera\u00e7\u00e3o conduzida pelo 13\u00ba Batalh\u00e3o de A\u00e7\u00f5es Especiais de Pol\u00edcia (BAEP)&hellip;<\/p>\n","protected":false},"author":1,"featured_media":4241,"comment_status":"closed","ping_status":"open","sticky":false,"template":"","format":"standard","meta":{"sfsi_plus_gutenberg_text_before_share":"","sfsi_plus_gutenberg_show_text_before_share":"","sfsi_plus_gutenberg_icon_type":"","sfsi_plus_gutenberg_icon_alignemt":"","sfsi_plus_gutenburg_max_per_row":"","footnotes":""},"categories":[6,10,1],"tags":[],"class_list":["post-4240","post","type-post","status-publish","format-standard","has-post-thumbnail","hentry","category-sao_paulo","category-destaques","category-noticias"],"_links":{"self":[{"href":"https:\/\/noticiasregionais.com.br\/index.php?rest_route=\/wp\/v2\/posts\/4240","targetHints":{"allow":["GET"]}}],"collection":[{"href":"https:\/\/noticiasregionais.com.br\/index.php?rest_route=\/wp\/v2\/posts"}],"about":[{"href":"https:\/\/noticiasregionais.com.br\/index.php?rest_route=\/wp\/v2\/types\/post"}],"author":[{"embeddable":true,"href":"https:\/\/noticiasregionais.com.br\/index.php?rest_route=\/wp\/v2\/users\/1"}],"replies":[{"embeddable":true,"href":"https:\/\/noticiasregionais.com.br\/index.php?rest_route=%2Fwp%2Fv2%2Fcomments&post=4240"}],"version-history":[{"count":1,"href":"https:\/\/noticiasregionais.com.br\/index.php?rest_route=\/wp\/v2\/posts\/4240\/revisions"}],"predecessor-version":[{"id":4242,"href":"https:\/\/noticiasregionais.com.br\/index.php?rest_route=\/wp\/v2\/posts\/4240\/revisions\/4242"}],"wp:featuredmedia":[{"embeddable":true,"href":"https:\/\/noticiasregionais.com.br\/index.php?rest_route=\/wp\/v2\/media\/4241"}],"wp:attachment":[{"href":"https:\/\/noticiasregionais.com.br\/index.php?rest_route=%2Fwp%2Fv2%2Fmedia&parent=4240"}],"wp:term":[{"taxonomy":"category","embeddable":true,"href":"https:\/\/noticiasregionais.com.br\/index.php?rest_route=%2Fwp%2Fv2%2Fcategories&post=4240"},{"taxonomy":"post_tag","embeddable":true,"href":"https:\/\/noticiasregionais.com.br\/index.php?rest_route=%2Fwp%2Fv2%2Ftags&post=4240"}],"curies":[{"name":"wp","href":"https:\/\/api.w.org\/{rel}","templated":true}]}}