{"id":4243,"date":"2025-02-03T09:01:59","date_gmt":"2025-02-03T12:01:59","guid":{"rendered":"https:\/\/noticiasregionais.com.br\/?p=4243"},"modified":"2025-02-03T09:02:01","modified_gmt":"2025-02-03T12:02:01","slug":"camara-de-ourinhos-realiza-primeira-sessao-ordinaria-do-ano-nesta-segunda-feira","status":"publish","type":"post","link":"https:\/\/noticiasregionais.com.br\/?p=4243","title":{"rendered":"C\u00e2mara de Ourinhos realiza primeira sess\u00e3o ordin\u00e1ria do ano nesta segunda-feira"},"content":{"rendered":"\n<p>Ap\u00f3s o recesso parlamentar, a C\u00e2mara Municipal de Ourinhos retoma nesta segunda-feira, 3 de fevereiro, as Sess\u00f5es Ordin\u00e1rias. O encontro, que marca o in\u00edcio dos trabalhos legislativos de 2025, est\u00e1 programado para as 18h.<\/p>\n\n\n\n<p>Na pauta da primeira sess\u00e3o do ano, ser\u00e3o debatidos 128 requerimentos, 46 indica\u00e7\u00f5es, 5 mo\u00e7\u00f5es e 3 projetos de resolu\u00e7\u00e3o. A reuni\u00e3o ser\u00e1 aberta ao p\u00fablico e contar\u00e1 com transmiss\u00e3o ao vivo pelos canais oficiais: TV C\u00e2mara (31.3), R\u00e1dio C\u00e2mara FM (105,3), Facebook e YouTube (Canal TV C\u00e2mara Ourinhos).<\/p>\n\n\n\n<p>A 19\u00aa Legislatura (2025-2028) \u00e9 composta pelos vereadores: Celinho Cabeleireiro (PODE), Enfermeiro Alexandre (PSD), Gil Carvalho (PL), Furna Beco da Bola (MDB), Santiago (CID), Borj\u00e3o (PSD), C\u00edcero Investigador (REP), \u00c9der Mota (PSB), Vadinho (PODE), An\u00edsio Felicetti (PSB), Raquel Spada (PSD), Kita (MDB), Jo\u00e3o Gon\u00e7alves (PP), Sargento S\u00e9rgio (MDB) e Wesley Carlos (REP).<\/p>\n\n\n\n<p>J\u00e1 a Mesa Diretora para o bi\u00eanio 2025-2026 tem a seguinte composi\u00e7\u00e3o: C\u00edcero de Aquino \u201cC\u00edcero Investigador\u201d (Presidente), Santiago de Lucas Angelo (Vice-Presidente), An\u00edsio Felicetti (1\u00ba Secret\u00e1rio), M\u00e1rio S\u00e9rgio Pazianoto \u201cSargento S\u00e9rgio\u201d (2\u00ba Secret\u00e1rio) e \u00c9der J\u00falio Mota (3\u00ba Secret\u00e1rio).<\/p>\n<input type=\"hidden\" id=\"baseurl\" value=\"https:\/\/noticiasregionais.com.br\"><input type=\"hidden\" id=\"audio_nonce\" value=\"533fbb67b1\">","protected":false},"excerpt":{"rendered":"<p>Ap\u00f3s o recesso parlamentar, a C\u00e2mara Municipal de Ourinhos retoma nesta segunda-feira, 3 de fevereiro, as Sess\u00f5es Ordin\u00e1rias. O encontro,&hellip;<\/p>\n","protected":false},"author":1,"featured_media":2603,"comment_status":"closed","ping_status":"open","sticky":false,"template":"","format":"standard","meta":{"sfsi_plus_gutenberg_text_before_share":"","sfsi_plus_gutenberg_show_text_before_share":"","sfsi_plus_gutenberg_icon_type":"","sfsi_plus_gutenberg_icon_alignemt":"","sfsi_plus_gutenburg_max_per_row":"","footnotes":""},"categories":[5,10,1],"tags":[],"class_list":["post-4243","post","type-post","status-publish","format-standard","has-post-thumbnail","hentry","category-ourinhos","category-destaques","category-noticias"],"_links":{"self":[{"href":"https:\/\/noticiasregionais.com.br\/index.php?rest_route=\/wp\/v2\/posts\/4243","targetHints":{"allow":["GET"]}}],"collection":[{"href":"https:\/\/noticiasregionais.com.br\/index.php?rest_route=\/wp\/v2\/posts"}],"about":[{"href":"https:\/\/noticiasregionais.com.br\/index.php?rest_route=\/wp\/v2\/types\/post"}],"author":[{"embeddable":true,"href":"https:\/\/noticiasregionais.com.br\/index.php?rest_route=\/wp\/v2\/users\/1"}],"replies":[{"embeddable":true,"href":"https:\/\/noticiasregionais.com.br\/index.php?rest_route=%2Fwp%2Fv2%2Fcomments&post=4243"}],"version-history":[{"count":1,"href":"https:\/\/noticiasregionais.com.br\/index.php?rest_route=\/wp\/v2\/posts\/4243\/revisions"}],"predecessor-version":[{"id":4244,"href":"https:\/\/noticiasregionais.com.br\/index.php?rest_route=\/wp\/v2\/posts\/4243\/revisions\/4244"}],"wp:featuredmedia":[{"embeddable":true,"href":"https:\/\/noticiasregionais.com.br\/index.php?rest_route=\/wp\/v2\/media\/2603"}],"wp:attachment":[{"href":"https:\/\/noticiasregionais.com.br\/index.php?rest_route=%2Fwp%2Fv2%2Fmedia&parent=4243"}],"wp:term":[{"taxonomy":"category","embeddable":true,"href":"https:\/\/noticiasregionais.com.br\/index.php?rest_route=%2Fwp%2Fv2%2Fcategories&post=4243"},{"taxonomy":"post_tag","embeddable":true,"href":"https:\/\/noticiasregionais.com.br\/index.php?rest_route=%2Fwp%2Fv2%2Ftags&post=4243"}],"curies":[{"name":"wp","href":"https:\/\/api.w.org\/{rel}","templated":true}]}}